{"id":12897,"date":"2015-06-19T15:35:25","date_gmt":"2015-06-19T14:35:25","guid":{"rendered":"http:\/\/2horizontes.com\/?p=12897"},"modified":"2015-06-19T15:35:25","modified_gmt":"2015-06-19T14:35:25","slug":"investigan-33-casos-de-diarrea-y-un-muerto-en-carcel-la-vega","status":"publish","type":"post","link":"https:\/\/2horizontes.com\/?p=12897","title":{"rendered":"Investigan 33 casos de diarrea y un muerto en c\u00e1rcel la Vega"},"content":{"rendered":"<p>RD- LA VEGA-El procurador general de la Rep\u00fablica dijo ayer que investigan los casos diarreicos que se detectaron en la c\u00e1rcel Concepci\u00f3n de La Vega, donde al menos uno de 33 reclusos afectados falleci\u00f3.<\/p>\n<p>No obstante, comunic\u00f3 que todav\u00eda no se ha confirmado de que esos casos se traten de c\u00f3lera.<\/p>\n<p>Dijo que solo se ha confirmado mediante an\u00e1lisis la muerte del recluso Wilson Quezada, de 42 a\u00f1os, quien guardaba prisi\u00f3n en el recinto penitenciario por violaci\u00f3n a la ley 136 sobre porte de armas.<\/p>\n<p>El Ministerio de Salud inform\u00f3 el mi\u00e9rcoles que de 33 internos privados de libertad en el recinto penitenciario de La Vega que presentaron episodios de la enfermedad diarreica aguda, tres resultaron positivo al c\u00f3lera.<\/p>\n<p><strong>Caso Job <\/strong><br \/>\nAl referirse al recluso Jos\u00e9 Miguel Almonte (Job), que muri\u00f3 durante una requisa practicada por agentes de la Polic\u00eda y representantes del Ministerio P\u00fablico en el Centro de Correcci\u00f3n y Rehabilitaci\u00f3n de Monte Plana, Dom\u00ednguez Brito declar\u00f3 que \u00e9ste era un peligroso sicario jefe de una banda que m\u00e1s muertes ha causado en la historia de Rep\u00fablica Dominicana.<\/p>\n<p>No obstante, explic\u00f3 que todas las versiones que han salido a relucir est\u00e1n siendo analizadas y reiter\u00f3 que el reo era investigado por una serie de homicidios y la planificaci\u00f3n de otros.<\/p>\n<p>Indic\u00f3 que Job pertenec\u00eda a la banda de sicarios del capo boricua Jos\u00e9 David Figueroa Agosto y que en sus manos hab\u00edan decenas de muertes. El procurador general de la Rep\u00fablica habl\u00f3 con periodistas antes de participar como orador invitado del almuerzo empresarial de la C\u00e1mara Americana de Comercio, que se celebr\u00f3 en un hotel de Santiago.<\/p>\n<p>En su disertaci\u00f3n, el procurador Brito asegur\u00f3 que Rep\u00fablica Dominicana experimenta avances socioecon\u00f3micos significativos, los cuales se han fortalecido por la estabilidad de la democracia y el desarrollo de la econom\u00eda.<\/p>\n<p>En ese contexto, signific\u00f3 que pr\u00e1cticamente todos los pa\u00edses de la regi\u00f3n est\u00e1n inmersos en una senda de crecimiento, progreso y bienestar.<\/p>\n","protected":false},"excerpt":{"rendered":"<p>RD- LA VEGA-El procurador general de la Rep\u00fablica dijo ayer que investigan los casos diarreicos que se detectaron en la c\u00e1rcel Concepci\u00f3n de La Vega, donde al menos uno de 33 reclusos afectados falleci\u00f3. No obstante, comunic\u00f3 que todav\u00eda no se ha confirmado de que esos casos se traten de c\u00f3lera. Dijo que solo se [&hellip;]<\/p>\n","protected":false},"author":8,"featured_media":12898,"comment_status":"open","ping_status":"open","sticky":false,"template":"","format":"standard","meta":{"footnotes":""},"categories":[53],"tags":[],"class_list":["post-12897","post","type-post","status-publish","format-standard","has-post-thumbnail","hentry","category-provincias"],"_links":{"self":[{"href":"https:\/\/2horizontes.com\/index.php?rest_route=\/wp\/v2\/posts\/12897","targetHints":{"allow":["GET"]}}],"collection":[{"href":"https:\/\/2horizontes.com\/index.php?rest_route=\/wp\/v2\/posts"}],"about":[{"href":"https:\/\/2horizontes.com\/index.php?rest_route=\/wp\/v2\/types\/post"}],"author":[{"embeddable":true,"href":"https:\/\/2horizontes.com\/index.php?rest_route=\/wp\/v2\/users\/8"}],"replies":[{"embeddable":true,"href":"https:\/\/2horizontes.com\/index.php?rest_route=%2Fwp%2Fv2%2Fcomments&post=12897"}],"version-history":[{"count":2,"href":"https:\/\/2horizontes.com\/index.php?rest_route=\/wp\/v2\/posts\/12897\/revisions"}],"predecessor-version":[{"id":12900,"href":"https:\/\/2horizontes.com\/index.php?rest_route=\/wp\/v2\/posts\/12897\/revisions\/12900"}],"wp:featuredmedia":[{"embeddable":true,"href":"https:\/\/2horizontes.com\/index.php?rest_route=\/wp\/v2\/media\/12898"}],"wp:attachment":[{"href":"https:\/\/2horizontes.com\/index.php?rest_route=%2Fwp%2Fv2%2Fmedia&parent=12897"}],"wp:term":[{"taxonomy":"category","embeddable":true,"href":"https:\/\/2horizontes.com\/index.php?rest_route=%2Fwp%2Fv2%2Fcategories&post=12897"},{"taxonomy":"post_tag","embeddable":true,"href":"https:\/\/2horizontes.com\/index.php?rest_route=%2Fwp%2Fv2%2Ftags&post=12897"}],"curies":[{"name":"wp","href":"https:\/\/api.w.org\/{rel}","templated":true}]}}