{"id":12894,"date":"2015-06-19T15:26:03","date_gmt":"2015-06-19T14:26:03","guid":{"rendered":"http:\/\/2horizontes.com\/?p=12894"},"modified":"2015-06-19T15:26:03","modified_gmt":"2015-06-19T14:26:03","slug":"fallece-dirigente-del-pld-y-ex-ministra-gladys-gutierrez","status":"publish","type":"post","link":"https:\/\/2horizontes.com\/?p=12894","title":{"rendered":"Fallece dirigente del PLD y ex Ministra Gladys Guti\u00e9rrez"},"content":{"rendered":"<p>RD- SANTO DOMINGO-Falleci\u00f3 anoche la luchadora revolucionaria y reconocida dirigente del Partido de la Liberaci\u00f3n Dominicana (PLD), Gladys Guti\u00e9rrez viuda Segarra, a las 11:15 de la noche en el Centro de Centro de Diagn\u00f3stico y Telemedicina Avanzada (Cedimat), donde hab\u00eda sido recluida desde hace una semana, aquejada de problemas de salud.<\/p>\n<p>Fuentes allegadas a la familia informaron que su cuerpo ser\u00e1 llevado a la Casa Nacional del PLD para rendirle honores por los servicios que prest\u00f3 a su partido y al pa\u00eds.<\/p>\n<p>Sus restos ser\u00e1n expuestos en la Funeraria Blandino de la avenida Abraham Lincoln, a partir de las 9 de la ma\u00f1ana y el sepelio se efectuar\u00e1 ma\u00f1ana s\u00e1bado, a las 3 de la tarde, en el Cementerio Cristo Redentor.<\/p>\n<p>Guti\u00e9rrez, quien muri\u00f3 a los 77 a\u00f1os de edad, fue una destacada dirigente del PLD, partido en el que militaba desde hace varias d\u00e9cadas. Fue la primera ministra de la Mujer, tras la creaci\u00f3n de esta cartera durante el primer per\u00edodo de gobierno de Leonel Fern\u00e1ndez en 1996.<\/p>\n<p>En el segundo per\u00edodo de Fern\u00e1ndez, en el 2004, Guti\u00e9rrez volvi\u00f3 a ocupar el mismo puesto el cual dej\u00f3, precisamente, por razones m\u00e9dicas, y pas\u00f3 a ocupar la posici\u00f3n de asesora de G\u00e9nero del Poder Ejecutivo, posici\u00f3n que ocupa en la actualidad.<\/p>\n<p>Sus deudos son su hijo Flavio Segarra y sus nietos Pablo y Giovanny.<\/p>\n<p>Guti\u00e9rrez fue esposa de Henry Segarra Santos, quien era dirigente del 14 de Junio y del Movimiento Popular Dominicano, y fue asesinado durante el gobierno de los 12 a\u00f1os de Joaqu\u00edn Balaguer.<\/p>\n","protected":false},"excerpt":{"rendered":"<p>RD- SANTO DOMINGO-Falleci\u00f3 anoche la luchadora revolucionaria y reconocida dirigente del Partido de la Liberaci\u00f3n Dominicana (PLD), Gladys Guti\u00e9rrez viuda Segarra, a las 11:15 de la noche en el Centro de Centro de Diagn\u00f3stico y Telemedicina Avanzada (Cedimat), donde hab\u00eda sido recluida desde hace una semana, aquejada de problemas de salud. Fuentes allegadas a la [&hellip;]<\/p>\n","protected":false},"author":8,"featured_media":12895,"comment_status":"open","ping_status":"open","sticky":false,"template":"","format":"standard","meta":{"footnotes":""},"categories":[43,44],"tags":[],"class_list":["post-12894","post","type-post","status-publish","format-standard","has-post-thumbnail","hentry","category-politica","category-republica-dominicana"],"_links":{"self":[{"href":"https:\/\/2horizontes.com\/index.php?rest_route=\/wp\/v2\/posts\/12894","targetHints":{"allow":["GET"]}}],"collection":[{"href":"https:\/\/2horizontes.com\/index.php?rest_route=\/wp\/v2\/posts"}],"about":[{"href":"https:\/\/2horizontes.com\/index.php?rest_route=\/wp\/v2\/types\/post"}],"author":[{"embeddable":true,"href":"https:\/\/2horizontes.com\/index.php?rest_route=\/wp\/v2\/users\/8"}],"replies":[{"embeddable":true,"href":"https:\/\/2horizontes.com\/index.php?rest_route=%2Fwp%2Fv2%2Fcomments&post=12894"}],"version-history":[{"count":1,"href":"https:\/\/2horizontes.com\/index.php?rest_route=\/wp\/v2\/posts\/12894\/revisions"}],"predecessor-version":[{"id":12896,"href":"https:\/\/2horizontes.com\/index.php?rest_route=\/wp\/v2\/posts\/12894\/revisions\/12896"}],"wp:featuredmedia":[{"embeddable":true,"href":"https:\/\/2horizontes.com\/index.php?rest_route=\/wp\/v2\/media\/12895"}],"wp:attachment":[{"href":"https:\/\/2horizontes.com\/index.php?rest_route=%2Fwp%2Fv2%2Fmedia&parent=12894"}],"wp:term":[{"taxonomy":"category","embeddable":true,"href":"https:\/\/2horizontes.com\/index.php?rest_route=%2Fwp%2Fv2%2Fcategories&post=12894"},{"taxonomy":"post_tag","embeddable":true,"href":"https:\/\/2horizontes.com\/index.php?rest_route=%2Fwp%2Fv2%2Ftags&post=12894"}],"curies":[{"name":"wp","href":"https:\/\/api.w.org\/{rel}","templated":true}]}}