{"id":12861,"date":"2015-06-19T03:45:59","date_gmt":"2015-06-19T02:45:59","guid":{"rendered":"http:\/\/2horizontes.com\/?p=12861"},"modified":"2015-06-19T03:45:59","modified_gmt":"2015-06-19T02:45:59","slug":"condenan-a-15-anos-de-prision-a-empleado-de-una-empresa-telefonica-que-violo-a-una-usuaria","status":"publish","type":"post","link":"https:\/\/2horizontes.com\/?p=12861","title":{"rendered":"Condenan a 15 a\u00f1os de prisi\u00f3n a empleado de una empresa telef\u00f3nica que viol\u00f3 a una usuaria"},"content":{"rendered":"<p>RD-SANTO DOMINGO-Los jueces del Cuarto Tribunal Colegiado condenaron a cumplir 15 a\u00f1os de prisi\u00f3n a un empleado de una empresa telef\u00f3nica que viol\u00f3 sexualmente, en un hecho ocurrido en un residencial de la avenida Jacobo Majluta.<\/p>\n<p>El tribunal presidido por Pilar Rufino, e integrado por Daira Medina y Diana Patricia Moreno, conden\u00f3 a Franklin Daniel S\u00e1nchez Ortega por violar sexualmente a la se\u00f1ora J.R.L., en un hecho ocurrido el 4 de abril del 2013.<\/p>\n<p>La Fiscal\u00eda, representada por las procuradoras fiscales Fadulia Rosa y Laura Vargas, present\u00f3 la acusaci\u00f3n que fue acogida por los jueces.<\/p>\n<p>Seg\u00fan consta en la acusaci\u00f3n, S\u00e1nchez Ortega se present\u00f3 en la residencia de la v\u00edctima, ubicada en la avenida Jacobo Majluta,\u00a0 en su calidad de representante de una compa\u00f1\u00eda telef\u00f3nica, para resolver una aver\u00eda que hab\u00eda sido reportada el d\u00eda antes.<\/p>\n<p>Agrega que \u201cla v\u00edctima le permiti\u00f3 el acceso al acusado, luego de asegurarse de que realmente se trataba de un representante de la compa\u00f1\u00eda de tel\u00e9fono, al observar que la guagua en que se transportaba estaba rotulada\u00a8, y que \u00e9ste le pidi\u00f3 un cuchillo para realizar su trabajo, con el que posteriormente la amenaz\u00f3 parara violarla.<\/p>\n<p>El informe indica que posteriormente S\u00e1nchez Ortega, amenaz\u00f3 a su v\u00edctima dici\u00e9ndole que si lo denunciaba matar\u00eda a su esposo.<\/p>\n","protected":false},"excerpt":{"rendered":"<p>RD-SANTO DOMINGO-Los jueces del Cuarto Tribunal Colegiado condenaron a cumplir 15 a\u00f1os de prisi\u00f3n a un empleado de una empresa telef\u00f3nica que viol\u00f3 sexualmente, en un hecho ocurrido en un residencial de la avenida Jacobo Majluta. El tribunal presidido por Pilar Rufino, e integrado por Daira Medina y Diana Patricia Moreno, conden\u00f3 a Franklin Daniel [&hellip;]<\/p>\n","protected":false},"author":8,"featured_media":12862,"comment_status":"open","ping_status":"open","sticky":false,"template":"","format":"standard","meta":{"footnotes":""},"categories":[44],"tags":[],"class_list":["post-12861","post","type-post","status-publish","format-standard","has-post-thumbnail","hentry","category-republica-dominicana"],"_links":{"self":[{"href":"https:\/\/2horizontes.com\/index.php?rest_route=\/wp\/v2\/posts\/12861","targetHints":{"allow":["GET"]}}],"collection":[{"href":"https:\/\/2horizontes.com\/index.php?rest_route=\/wp\/v2\/posts"}],"about":[{"href":"https:\/\/2horizontes.com\/index.php?rest_route=\/wp\/v2\/types\/post"}],"author":[{"embeddable":true,"href":"https:\/\/2horizontes.com\/index.php?rest_route=\/wp\/v2\/users\/8"}],"replies":[{"embeddable":true,"href":"https:\/\/2horizontes.com\/index.php?rest_route=%2Fwp%2Fv2%2Fcomments&post=12861"}],"version-history":[{"count":1,"href":"https:\/\/2horizontes.com\/index.php?rest_route=\/wp\/v2\/posts\/12861\/revisions"}],"predecessor-version":[{"id":12863,"href":"https:\/\/2horizontes.com\/index.php?rest_route=\/wp\/v2\/posts\/12861\/revisions\/12863"}],"wp:featuredmedia":[{"embeddable":true,"href":"https:\/\/2horizontes.com\/index.php?rest_route=\/wp\/v2\/media\/12862"}],"wp:attachment":[{"href":"https:\/\/2horizontes.com\/index.php?rest_route=%2Fwp%2Fv2%2Fmedia&parent=12861"}],"wp:term":[{"taxonomy":"category","embeddable":true,"href":"https:\/\/2horizontes.com\/index.php?rest_route=%2Fwp%2Fv2%2Fcategories&post=12861"},{"taxonomy":"post_tag","embeddable":true,"href":"https:\/\/2horizontes.com\/index.php?rest_route=%2Fwp%2Fv2%2Ftags&post=12861"}],"curies":[{"name":"wp","href":"https:\/\/api.w.org\/{rel}","templated":true}]}}