{"id":12858,"date":"2015-06-19T03:33:34","date_gmt":"2015-06-19T02:33:34","guid":{"rendered":"http:\/\/2horizontes.com\/?p=12858"},"modified":"2015-06-19T03:33:34","modified_gmt":"2015-06-19T02:33:34","slug":"apresan-en-samana-a-un-esloveno-buscado-por-delitos-criminales-en-su-pais","status":"publish","type":"post","link":"https:\/\/2horizontes.com\/?p=12858","title":{"rendered":"Apresan en Saman\u00e1 a un esloveno buscado por delitos criminales en su pa\u00eds"},"content":{"rendered":"<p>RD-SAMANA-Miembros la Interpol dominicana apresaron en Saman\u00e1 a un esloveno que era reclamado por las autoridades judiciales de su pa\u00eds,\u00a0 acusado de robo a mano armada y otros delitos criminales.<\/p>\n<p>El extranjero fue identificado como Chris Podnar, de 30 a\u00f1os, nacido en Eslovenia fue apresado por agentes de la Oficina Central Nacional de la Interpol en el municipio de Las Terrenas de Saman\u00e1.<\/p>\n<p>El detenido ser\u00e1 deportado a su pa\u00eds en las pr\u00f3ximas horas. Se encontraba pr\u00f3fugo desde el a\u00f1o 2011.<\/p>\n<p>De acuerdo con los detalles, contra Podnar hab\u00eda sido colocada una orden roja de captura internacional, raz\u00f3n por la que las autoridades dominicanas de la INTERPOL procedieron a su captura.<\/p>\n<p>La OCN-Interpol dominicana, dirigida por el coronel policial Luis Ferreira Herrera, ha realizado numerosas arrestos este a\u00f1o de ciudadanos extranjeros reclamados por la justicia de sus pa\u00edses acusados de diferentes delitos criminales.RD<\/p>\n","protected":false},"excerpt":{"rendered":"<p>RD-SAMANA-Miembros la Interpol dominicana apresaron en Saman\u00e1 a un esloveno que era reclamado por las autoridades judiciales de su pa\u00eds,\u00a0 acusado de robo a mano armada y otros delitos criminales. El extranjero fue identificado como Chris Podnar, de 30 a\u00f1os, nacido en Eslovenia fue apresado por agentes de la Oficina Central Nacional de la Interpol [&hellip;]<\/p>\n","protected":false},"author":8,"featured_media":12859,"comment_status":"open","ping_status":"open","sticky":false,"template":"","format":"standard","meta":{"footnotes":""},"categories":[53,44],"tags":[],"class_list":["post-12858","post","type-post","status-publish","format-standard","has-post-thumbnail","hentry","category-provincias","category-republica-dominicana"],"_links":{"self":[{"href":"https:\/\/2horizontes.com\/index.php?rest_route=\/wp\/v2\/posts\/12858","targetHints":{"allow":["GET"]}}],"collection":[{"href":"https:\/\/2horizontes.com\/index.php?rest_route=\/wp\/v2\/posts"}],"about":[{"href":"https:\/\/2horizontes.com\/index.php?rest_route=\/wp\/v2\/types\/post"}],"author":[{"embeddable":true,"href":"https:\/\/2horizontes.com\/index.php?rest_route=\/wp\/v2\/users\/8"}],"replies":[{"embeddable":true,"href":"https:\/\/2horizontes.com\/index.php?rest_route=%2Fwp%2Fv2%2Fcomments&post=12858"}],"version-history":[{"count":1,"href":"https:\/\/2horizontes.com\/index.php?rest_route=\/wp\/v2\/posts\/12858\/revisions"}],"predecessor-version":[{"id":12860,"href":"https:\/\/2horizontes.com\/index.php?rest_route=\/wp\/v2\/posts\/12858\/revisions\/12860"}],"wp:featuredmedia":[{"embeddable":true,"href":"https:\/\/2horizontes.com\/index.php?rest_route=\/wp\/v2\/media\/12859"}],"wp:attachment":[{"href":"https:\/\/2horizontes.com\/index.php?rest_route=%2Fwp%2Fv2%2Fmedia&parent=12858"}],"wp:term":[{"taxonomy":"category","embeddable":true,"href":"https:\/\/2horizontes.com\/index.php?rest_route=%2Fwp%2Fv2%2Fcategories&post=12858"},{"taxonomy":"post_tag","embeddable":true,"href":"https:\/\/2horizontes.com\/index.php?rest_route=%2Fwp%2Fv2%2Ftags&post=12858"}],"curies":[{"name":"wp","href":"https:\/\/api.w.org\/{rel}","templated":true}]}}