{"id":12790,"date":"2015-06-18T18:36:40","date_gmt":"2015-06-18T17:36:40","guid":{"rendered":"http:\/\/2horizontes.com\/?p=12790"},"modified":"2015-06-18T18:36:40","modified_gmt":"2015-06-18T17:36:40","slug":"dirigentes-politicos-de-la-oposicion-critican-el-discurso-del-presidente-dm","status":"publish","type":"post","link":"https:\/\/2horizontes.com\/?p=12790","title":{"rendered":"Dirigentes pol\u00edticos de la oposici\u00f3n critican el discurso del presidente DM"},"content":{"rendered":"<p>RD -SANTO DOMINGO.- Pol\u00edticos de la oposici\u00f3n criticaron el discurso del presidente Danilo Medina y opinaron que no llen\u00f3 las expectativas de la poblaci\u00f3n.<\/p>\n<p>Dijeron que el Mandatario obvi\u00f3 los principales temas del pa\u00eds, entre ellos el Plan Nacional de Regularizaci\u00f3n de Extranjeros, cuyo plazo venci\u00f3 este mi\u00e9rcoles.<\/p>\n<p><strong>Abinader<\/strong><\/p>\n<p>\u201cEl pueblo merece que se nos hable con franqueza. Demasiadas interrogantes para tan pobre contenido\u201d, escribi\u00f3 en su cuenta de Twitter Luis Abinader, candidato presidencial del Partido Revolucionario Moderno (PRM).<\/p>\n<p><strong>Guillermo Moreno<\/strong><\/p>\n<p>Guillermo Moreno, presidente del partido Alianza Pa\u00eds, tuite\u00f3: \u201cun pobre #DiscursoDeMentiras de campa\u00f1a reeleccionista utilizando el Palacio Nacional y recursos p\u00fablicos para promocionarse como candidato.<\/p>\n<p>\u201cTremendo fiasco result\u00f3 el discurso del presidente Danilo Medina\u201d, escribi\u00f3 Moreno en otro mensaje.<\/p>\n<p>Agreg\u00f3 que \u201cDanilo Medina cada vez que habla nos confirma que ha estado mintiendo y que nos sigue mintiendo, como evidenci\u00f3 en su #DiscursoDe Mentiras\u201d.<\/p>\n<p>Afirm\u00f3 que \u201cDanilo Medina dice ahora, contrario a lo que dijo tantas veces, que \u00e9l siempre fue partidario de la reelecci\u00f3n\u201d.<\/p>\n<p>\u201cEs decir, el Presidente admite que nos ment\u00eda cuando dijo de forma reiterada que era contrario a la reelecci\u00f3n\u201d, sostuvo Moreno.<\/p>\n<p><strong>Eduardo Estrella<\/strong><\/p>\n<p>De su lado, Eduardo Estrella, presidente del partido Dominicanos por el Cambio (DxC), escribi\u00f3 en su cuenta de Twitter que el Mandatario \u201cquiere 4 a\u00f1os m\u00e1s, sin que se invierta en la frontera, sin construir la carretera internacional ni el puerto de Manzanillo\u201d.<\/p>\n<p><strong>Castillo Sem\u00e1n<\/strong><\/p>\n<p>El diputado Vinicio Castillo Sem\u00e1n, de la Fuerza Nacional Progresista (FNP), afirm\u00f3 que el presidente Medina repite el error hist\u00f3rico del expresidente Hip\u00f3lito Mej\u00eda en el 2002, que despu\u00e9s de negar en innumerables ocasiones que procurar\u00eda reelegirse, lo intent\u00f3 y termin\u00f3 derrotado en 2004.<\/p>\n<p>\u201cEs muy triste para el pa\u00eds ver a un hombre en el que ha creido, como el presidente Danilo Medina, desdecirse de su compromiso solemne de que no buscar\u00eda la reelecci\u00f3n. A partir de este momento el Estado dominicano y todos los funcionarios p\u00fablicos tendr\u00e1n un solo norte hasta el 15 de mayo del a\u00f1o pr\u00f3ximo: la reelecci\u00f3n del Presidente y la promoci\u00f3n de m\u00e1s de 4,000 candidatos congresionales y municipales. Eso ser\u00e1 un desastre institucional de grandes proporciones\u201d, manifest\u00f3 Castillo Sem\u00e1n en un documento enviado a ALMOMENTO.NET.<\/p>\n<p>Agreg\u00f3 que \u201cel presidente Medina le dijo al pa\u00eds que, cuando un Presidente se met\u00eda en reelecci\u00f3n se trata de imponer a sangre y fuego, refiri\u00e9ndose al uso y abuso de los recursos del Estado, porque los funcionarios en ese proceso confunden el patrimonio p\u00fablico con el patrimonio personal. Eso es lo que ocurrir\u00e1 en este pa\u00eds en los pr\u00f3ximos once meses\u201d.<\/p>\n<p><strong>Pelegr\u00edn Castillo<\/strong><\/p>\n<p>Por su parte, Pelegr\u00edn Castillo, tambi\u00e9n de la FNP, tuite\u00f3 que \u201cBalaguer, providencial: \u201cSoy un instrumento del destino\u201d. Hip\u00f3lito, franco: \u201cMe gust\u00f3 el carguito\u201d. Danilo Medina, incre\u00edble: \u201cNo fui yo\u201d.<\/p>\n<p>\u201cPoco convincente, despu\u00e9s de una posici\u00f3n tan fuerte contra la reelecci\u00f3n. El discurso presidencial agrav\u00f3 crisis de confianza institucional\u201d.<\/p>\n<p><strong>G\u00f3mez Mazara<\/strong><\/p>\n<p>Guido G\u00f3mez Mazara, dirigente del Partido Revolucionario Dominicano (PRD), dijo en @GGomezMazara: \u201cEl discurso no llen\u00f3 mis expectativas. No abordar el tema del Plan de Regularizaci\u00f3n result\u00f3 alamante\u201d, escribi\u00f3 en otro mensaje.<\/p>\n<p><strong>Trajano Potentini<\/strong><\/p>\n<p align=\"JUSTIFY\">El presidente de la Fundaci\u00f3n Justicia y Transparencia (FJT), Trajano Potentini, lament\u00f3 que la alocuci\u00f3n del Presidente se limitara a justificar la reciente modificaci\u00f3n constitucional, con el \u00fanico y exclusivo prop\u00f3sito de restablecer la reelecci\u00f3n presidencial.<\/p>\n<p align=\"JUSTIFY\">Calific\u00f3 el discurso de pol\u00edtico y \u201cun llamado a los funcionarios y adeptos de la causa danilista para que se activen en torno al proselitismo, todo ello sin dar se\u00f1ales de dotar al pa\u00eds en lo inmediato de las herramientas (Ley de partidos pol\u00edticos y actualizaci\u00f3n de la ley electoral), que garanticen la transparencia, la igualdad e institucionalidad en el venidero certamen electoral\u201d.<\/p>\n<p align=\"JUSTIFY\">Deplor\u00f3 que, despu\u00e9s de un largo y prolongado silencio, Medina no aprovechara la oportunidad para referirse y explicarle al pa\u00eds \u201clos planes y ruta cr\u00edtica que seguir\u00e1 el gobierno, de cara a la finalizaci\u00f3n del plazo para acogerse al Plan Nacional de Regularizaci\u00f3n, toda vez que la problem\u00e1tica dominico-haitiana es el tema m\u00e1s delicado y trascendente que atraviesa la Rep\u00fablica Dominicana\u201d.<\/p>\n<p align=\"JUSTIFY\"><strong>Garc\u00eda Ferm\u00edn<\/strong><\/p>\n<p>Franklin Garc\u00eda Ferm\u00edn, ex rector de la Universidad Aut\u00f3noma de Santo Domingo (UASD), se\u00f1al\u00f3 que el Presidente \u201cminti\u00f3 de nuevo al pa\u00eds cuando afirma que acepta optar por la reelecci\u00f3n compelido por el inter\u00e9s de la poblaci\u00f3n\u201d.<\/p>\n<p>\u201cEl presidente de la Rep\u00fablica ignora hablar de los problemas que verdaderamente acogotan a la poblaci\u00f3n, como la inseguridad ciudadana, la falta de empleo y el aumento de la pobreza\u201d, sentenci\u00f3.<\/p>\n<p>Critico que Medina usara el Palacio Nacional para hacer un discurso pol\u00edtico y justificar la reelecci\u00f3n presidencial.<\/p>\n<p>\u201cEl presidente de la Rep\u00fablica trata de justificar la reelecci\u00f3n presidencial en el gastado argumento de su popularidad, cuando todo sabemos que se impuso por la fuerza de la corrupci\u00f3n y la impunidad\u201d, indic\u00f3 el dirigente del PRM.<\/p>\n<p>Se\u00f1al\u00f3 que \u201cMedina cambio de opini\u00f3n, cuando se\u00f1ala que la reelecci\u00f3n es buena y anteriormente hab\u00eda se\u00f1alado en reiteradas ocasiones que era mala\u201d.<\/p>\n<p>\u201cCon su discurso, el presidente de la Rep\u00fablica viola la Constituci\u00f3n, que le impide hacer uso de los recursos del Estado para hacer campa\u00f1a\u201d.<\/p>\n<div class=\"mom-social-share ss-horizontal border-box\">\n<div class=\"ss-icon facebook\"><\/div>\n<div class=\"ss-icon googleplus\">FUENTE: ALMOMENTO.NET<\/div>\n<\/div>\n<p>&nbsp;<\/p>\n","protected":false},"excerpt":{"rendered":"<p>RD -SANTO DOMINGO.- Pol\u00edticos de la oposici\u00f3n criticaron el discurso del presidente Danilo Medina y opinaron que no llen\u00f3 las expectativas de la poblaci\u00f3n. Dijeron que el Mandatario obvi\u00f3 los principales temas del pa\u00eds, entre ellos el Plan Nacional de Regularizaci\u00f3n de Extranjeros, cuyo plazo venci\u00f3 este mi\u00e9rcoles. Abinader \u201cEl pueblo merece que se nos [&hellip;]<\/p>\n","protected":false},"author":8,"featured_media":12791,"comment_status":"open","ping_status":"open","sticky":false,"template":"","format":"standard","meta":{"footnotes":""},"categories":[43,44],"tags":[],"class_list":["post-12790","post","type-post","status-publish","format-standard","has-post-thumbnail","hentry","category-politica","category-republica-dominicana"],"_links":{"self":[{"href":"https:\/\/2horizontes.com\/index.php?rest_route=\/wp\/v2\/posts\/12790","targetHints":{"allow":["GET"]}}],"collection":[{"href":"https:\/\/2horizontes.com\/index.php?rest_route=\/wp\/v2\/posts"}],"about":[{"href":"https:\/\/2horizontes.com\/index.php?rest_route=\/wp\/v2\/types\/post"}],"author":[{"embeddable":true,"href":"https:\/\/2horizontes.com\/index.php?rest_route=\/wp\/v2\/users\/8"}],"replies":[{"embeddable":true,"href":"https:\/\/2horizontes.com\/index.php?rest_route=%2Fwp%2Fv2%2Fcomments&post=12790"}],"version-history":[{"count":1,"href":"https:\/\/2horizontes.com\/index.php?rest_route=\/wp\/v2\/posts\/12790\/revisions"}],"predecessor-version":[{"id":12792,"href":"https:\/\/2horizontes.com\/index.php?rest_route=\/wp\/v2\/posts\/12790\/revisions\/12792"}],"wp:featuredmedia":[{"embeddable":true,"href":"https:\/\/2horizontes.com\/index.php?rest_route=\/wp\/v2\/media\/12791"}],"wp:attachment":[{"href":"https:\/\/2horizontes.com\/index.php?rest_route=%2Fwp%2Fv2%2Fmedia&parent=12790"}],"wp:term":[{"taxonomy":"category","embeddable":true,"href":"https:\/\/2horizontes.com\/index.php?rest_route=%2Fwp%2Fv2%2Fcategories&post=12790"},{"taxonomy":"post_tag","embeddable":true,"href":"https:\/\/2horizontes.com\/index.php?rest_route=%2Fwp%2Fv2%2Ftags&post=12790"}],"curies":[{"name":"wp","href":"https:\/\/api.w.org\/{rel}","templated":true}]}}