{"id":12787,"date":"2015-06-18T18:31:22","date_gmt":"2015-06-18T17:31:22","guid":{"rendered":"http:\/\/2horizontes.com\/?p=12787"},"modified":"2015-06-18T18:31:22","modified_gmt":"2015-06-18T17:31:22","slug":"haiti-tomara-medidas-para-recibir-a-deportados-de-republica-dominicana","status":"publish","type":"post","link":"https:\/\/2horizontes.com\/?p=12787","title":{"rendered":"Hait\u00ed tomar\u00e1 medidas para recibir a deportados de Rep\u00fablica Dominicana"},"content":{"rendered":"<p>AHITI -PUERTO PRINCIPE.- El primer ministro de Hait\u00ed, Evans Paul, asegur\u00f3 que su Gobierno tomar\u00e1 medidas para recibir a los haitianos que pudieran ser deportados desde la Rep\u00fablica Dominicana, despu\u00e9s de la conclusi\u00f3n del Plan de Regularizaci\u00f3n de Extranjeros.<\/p>\n<p>El Plan de Regularizaci\u00f3n, calificado como el \u201cm\u00e1s ambicioso\u201d en materia migratoria en ese pa\u00eds, surgi\u00f3 junto a la Ley especial de Naturalizaci\u00f3n, que venci\u00f3 el 1 de febrero, tras una pol\u00e9mica sentencia del Tribunal Constitucional de septiembre de 2013, que establece los par\u00e1metros para adquirir la nacionalidad dominicana.<\/p>\n<p>El citado plan afecta en su mayor\u00eda a ciudadanos haitianos que trabajan en el pa\u00eds principalmente en el sector del banano, recogida de la ca\u00f1a de az\u00facar, la construcci\u00f3n y el servicio dom\u00e9stico.<\/p>\n<p>Paul explic\u00f3 que conf\u00eda en que cualquier deportaci\u00f3n que se pudiera llevar a cabo despu\u00e9s de que acabe el plazo \u201cse haga respetando los derechos humanos de los repatriados\u201d.<\/p>\n<p>\u201cInstamos a todos los haitianos a que sean solidarios con sus compatriotas\u201d, dijo Paul.<\/p>\n<p>Por \u00faltimo, se\u00f1al\u00f3 que por el momento el Gobierno haitiano desconoce qu\u00e9 ocurrir\u00e1 ya que se han recibido \u201cse\u00f1ales mixtas de algunas autoridades del pa\u00eds vecino (Rep\u00fablica Dominicana) de que no habr\u00e1 deportaciones masivas mientras otras indican que s\u00ed\u201d.<\/p>\n<p>El plazo de presentaci\u00f3n conclu\u00eda hoy a las 19.00 hora local (23.00 GMT), pero el ministro dominicano de Interior y Polic\u00eda, Jos\u00e9 Ram\u00f3n Fadul, advirti\u00f3 que se atender\u00e1 a todos aquellos que est\u00e9n en las largas filas ante los distintos centros de registro de la Rep\u00fablica Dominicana.<\/p>\n","protected":false},"excerpt":{"rendered":"<p>AHITI -PUERTO PRINCIPE.- El primer ministro de Hait\u00ed, Evans Paul, asegur\u00f3 que su Gobierno tomar\u00e1 medidas para recibir a los haitianos que pudieran ser deportados desde la Rep\u00fablica Dominicana, despu\u00e9s de la conclusi\u00f3n del Plan de Regularizaci\u00f3n de Extranjeros. El Plan de Regularizaci\u00f3n, calificado como el \u201cm\u00e1s ambicioso\u201d en materia migratoria en ese pa\u00eds, surgi\u00f3 [&hellip;]<\/p>\n","protected":false},"author":8,"featured_media":12788,"comment_status":"open","ping_status":"open","sticky":false,"template":"","format":"standard","meta":{"footnotes":""},"categories":[47,40],"tags":[],"class_list":["post-12787","post","type-post","status-publish","format-standard","has-post-thumbnail","hentry","category-haiti","category-internacionales"],"_links":{"self":[{"href":"https:\/\/2horizontes.com\/index.php?rest_route=\/wp\/v2\/posts\/12787","targetHints":{"allow":["GET"]}}],"collection":[{"href":"https:\/\/2horizontes.com\/index.php?rest_route=\/wp\/v2\/posts"}],"about":[{"href":"https:\/\/2horizontes.com\/index.php?rest_route=\/wp\/v2\/types\/post"}],"author":[{"embeddable":true,"href":"https:\/\/2horizontes.com\/index.php?rest_route=\/wp\/v2\/users\/8"}],"replies":[{"embeddable":true,"href":"https:\/\/2horizontes.com\/index.php?rest_route=%2Fwp%2Fv2%2Fcomments&post=12787"}],"version-history":[{"count":1,"href":"https:\/\/2horizontes.com\/index.php?rest_route=\/wp\/v2\/posts\/12787\/revisions"}],"predecessor-version":[{"id":12789,"href":"https:\/\/2horizontes.com\/index.php?rest_route=\/wp\/v2\/posts\/12787\/revisions\/12789"}],"wp:featuredmedia":[{"embeddable":true,"href":"https:\/\/2horizontes.com\/index.php?rest_route=\/wp\/v2\/media\/12788"}],"wp:attachment":[{"href":"https:\/\/2horizontes.com\/index.php?rest_route=%2Fwp%2Fv2%2Fmedia&parent=12787"}],"wp:term":[{"taxonomy":"category","embeddable":true,"href":"https:\/\/2horizontes.com\/index.php?rest_route=%2Fwp%2Fv2%2Fcategories&post=12787"},{"taxonomy":"post_tag","embeddable":true,"href":"https:\/\/2horizontes.com\/index.php?rest_route=%2Fwp%2Fv2%2Ftags&post=12787"}],"curies":[{"name":"wp","href":"https:\/\/api.w.org\/{rel}","templated":true}]}}