{"id":12767,"date":"2015-06-18T17:47:32","date_gmt":"2015-06-18T16:47:32","guid":{"rendered":"http:\/\/2horizontes.com\/?p=12767"},"modified":"2015-06-18T17:47:32","modified_gmt":"2015-06-18T16:47:32","slug":"aparece-imagen-de-virgen-de-la-altagracia-en-cristal-de-microondas-en-mao","status":"publish","type":"post","link":"https:\/\/2horizontes.com\/?p=12767","title":{"rendered":"Aparece imagen de virgen de la Altagracia en cristal de microondas en Mao"},"content":{"rendered":"<p><strong>RD-Mao.<\/strong>\u00a0Gran\u00a0emoci\u00f3n, revuelo y sorpresa gener\u00f3 la tarde del\u00a0\u00a0mi\u00e9rcoles entre los moradores del residencial Laiden, pr\u00f3ximo al hospital de esta ciudad, con la aparici\u00f3n de la silueta de la figura de la\u00a0\u00a0virgen de la Altagracia para nuchos.<\/p>\n<p>Seg\u00fan devotos, la imagen de la virgen apareci\u00f3 en el \u00e1rea de la cocina justamente en el cristal del microondas de la residencia del agro-empresario Joselo Santana.<\/p>\n<p>Al lugar se presentaron autoridades de la iglesia Cat\u00f3lica, encabezada por monse\u00f1or Sinencio Peralta, quien asegur\u00f3 que esa imagen que aparece en el cristal del microondas es de la virgen, por lo que procedi\u00f3 a santificar el lugar y encendi\u00f3 luces sagradas.<\/p>\n<p>Seg\u00fan el periodista Nelson Mercado, los vecinos del empresario narran que la aparici\u00f3n de la virgen es una clara se\u00f1al de que la ciudad de los bellos atardeceres est\u00e1 bendecida por la madre del hijo de Dios. En medio de oraciones, encendido de luces,\u00a0\u00a0aseguraron que se trata de\u00a0\u00a0la virgen de la Altagracia.<\/p>\n<p>Los moradores del sector visitaron el lugar en donde han hecho fotograf\u00edas.\u00a0\u00a0Gabriel Santana, hijo del agro-empresario Joselo Santana, dijo que \u201choy m\u00e1s que nunca nos sentimos bendecido por la visita de nuestra se\u00f1ora de la Altagracia en nuestra casa\u201d concluy\u00f3.<\/p>\n<p>FUENTE: EL CARIBE<\/p>\n","protected":false},"excerpt":{"rendered":"<p>RD-Mao.\u00a0Gran\u00a0emoci\u00f3n, revuelo y sorpresa gener\u00f3 la tarde del\u00a0\u00a0mi\u00e9rcoles entre los moradores del residencial Laiden, pr\u00f3ximo al hospital de esta ciudad, con la aparici\u00f3n de la silueta de la figura de la\u00a0\u00a0virgen de la Altagracia para nuchos. Seg\u00fan devotos, la imagen de la virgen apareci\u00f3 en el \u00e1rea de la cocina justamente en el cristal del [&hellip;]<\/p>\n","protected":false},"author":8,"featured_media":12770,"comment_status":"open","ping_status":"open","sticky":false,"template":"","format":"standard","meta":{"footnotes":""},"categories":[53,44],"tags":[],"class_list":["post-12767","post","type-post","status-publish","format-standard","has-post-thumbnail","hentry","category-provincias","category-republica-dominicana"],"_links":{"self":[{"href":"https:\/\/2horizontes.com\/index.php?rest_route=\/wp\/v2\/posts\/12767","targetHints":{"allow":["GET"]}}],"collection":[{"href":"https:\/\/2horizontes.com\/index.php?rest_route=\/wp\/v2\/posts"}],"about":[{"href":"https:\/\/2horizontes.com\/index.php?rest_route=\/wp\/v2\/types\/post"}],"author":[{"embeddable":true,"href":"https:\/\/2horizontes.com\/index.php?rest_route=\/wp\/v2\/users\/8"}],"replies":[{"embeddable":true,"href":"https:\/\/2horizontes.com\/index.php?rest_route=%2Fwp%2Fv2%2Fcomments&post=12767"}],"version-history":[{"count":1,"href":"https:\/\/2horizontes.com\/index.php?rest_route=\/wp\/v2\/posts\/12767\/revisions"}],"predecessor-version":[{"id":12771,"href":"https:\/\/2horizontes.com\/index.php?rest_route=\/wp\/v2\/posts\/12767\/revisions\/12771"}],"wp:featuredmedia":[{"embeddable":true,"href":"https:\/\/2horizontes.com\/index.php?rest_route=\/wp\/v2\/media\/12770"}],"wp:attachment":[{"href":"https:\/\/2horizontes.com\/index.php?rest_route=%2Fwp%2Fv2%2Fmedia&parent=12767"}],"wp:term":[{"taxonomy":"category","embeddable":true,"href":"https:\/\/2horizontes.com\/index.php?rest_route=%2Fwp%2Fv2%2Fcategories&post=12767"},{"taxonomy":"post_tag","embeddable":true,"href":"https:\/\/2horizontes.com\/index.php?rest_route=%2Fwp%2Fv2%2Ftags&post=12767"}],"curies":[{"name":"wp","href":"https:\/\/api.w.org\/{rel}","templated":true}]}}