{"id":12733,"date":"2015-06-18T13:51:26","date_gmt":"2015-06-18T12:51:26","guid":{"rendered":"http:\/\/2horizontes.com\/?p=12733"},"modified":"2015-06-18T13:51:26","modified_gmt":"2015-06-18T12:51:26","slug":"pelea-laura-zapata-habla-del-desprecio-de-thalia","status":"publish","type":"post","link":"https:\/\/2horizontes.com\/?p=12733","title":{"rendered":"Pelea Laura Zapata habla del desprecio de Thal\u00eda"},"content":{"rendered":"<p>Hace unos d\u00edas, se dio a conocer que Thal\u00eda estaba feliz de la vida porque sus hermanas Federica, Ernestina y Gabriela la sorprendieron en Nueva York, a donde arribaron para festejar el cumplea\u00f1os de una de las mujeres. A trav\u00e9s de su cuenta oficial de Instagram, la cantante comparti\u00f3 una serie de fotograf\u00edas en las que mostr\u00f3 que era muy unida a sus hermanas; sin embargo, la gran ausente fue Laura Zapata, a quien despreciaron y no invitaron.<\/p>\n<p>Pero a pesar de la penosa situaci\u00f3n, la primera actriz demostr\u00f3 que no le afect\u00f3 que la hicieran a un lado y se defendi\u00f3 en redes sociales. A trav\u00e9s de su perfil personal de Twitter, la villana de telenovelas rompi\u00f3 el silencio y precis\u00f3 que ella no se re\u00fane con sus medias hermanas, a quienes catalog\u00f3 de feas.<\/p>\n<p>Los seguidores de Laura Zapata la apoyaron y le pidieron que hiciera caso omiso de la actitud de Thal\u00eda y el resto de su familia, por lo que la actriz acept\u00f3 que est\u00e1 feliz sin la presencia de las mujeres en su vida e incluso confes\u00f3 que todas eran unas interesadas. Una amiga de la actriz puntualiz\u00f3 que ahora Ernestina, Federica y Gabriela siguen a la int\u00e9rprete de \u00abAmor A La Mexicana\u00bb porque saben que tiene mucho dinero.<\/p>\n<p>Pero la artista se\u00f1al\u00f3 que sabe que Thal\u00eda no les dar\u00e1 ni un centavo. \u00abExacto, pero lo peor ahora son c\u00f3mplices de atrocidades odi\u00e1ndose entre ellas&#8230; Pero ah\u00ed si no habr\u00e1 nada!!! Nos cobr\u00f3 hasta las aguas del velorio de mi mam\u00e1\u00bb, escribi\u00f3 en la red social <b>Zapata<\/b>, quien destac\u00f3 que la \u00fanica que siempre se ha hecho cargo de su abuela Do\u00f1a Eva Mange es ella y que el pleito con sus hermanas fue porque les solicit\u00f3 ayuda.<\/p>\n","protected":false},"excerpt":{"rendered":"<p>Hace unos d\u00edas, se dio a conocer que Thal\u00eda estaba feliz de la vida porque sus hermanas Federica, Ernestina y Gabriela la sorprendieron en Nueva York, a donde arribaron para festejar el cumplea\u00f1os de una de las mujeres. A trav\u00e9s de su cuenta oficial de Instagram, la cantante comparti\u00f3 una serie de fotograf\u00edas en las [&hellip;]<\/p>\n","protected":false},"author":3,"featured_media":12734,"comment_status":"open","ping_status":"open","sticky":false,"template":"","format":"standard","meta":{"footnotes":""},"categories":[1],"tags":[],"class_list":["post-12733","post","type-post","status-publish","format-standard","has-post-thumbnail","hentry","category-entretenimiento"],"_links":{"self":[{"href":"https:\/\/2horizontes.com\/index.php?rest_route=\/wp\/v2\/posts\/12733","targetHints":{"allow":["GET"]}}],"collection":[{"href":"https:\/\/2horizontes.com\/index.php?rest_route=\/wp\/v2\/posts"}],"about":[{"href":"https:\/\/2horizontes.com\/index.php?rest_route=\/wp\/v2\/types\/post"}],"author":[{"embeddable":true,"href":"https:\/\/2horizontes.com\/index.php?rest_route=\/wp\/v2\/users\/3"}],"replies":[{"embeddable":true,"href":"https:\/\/2horizontes.com\/index.php?rest_route=%2Fwp%2Fv2%2Fcomments&post=12733"}],"version-history":[{"count":1,"href":"https:\/\/2horizontes.com\/index.php?rest_route=\/wp\/v2\/posts\/12733\/revisions"}],"predecessor-version":[{"id":12735,"href":"https:\/\/2horizontes.com\/index.php?rest_route=\/wp\/v2\/posts\/12733\/revisions\/12735"}],"wp:featuredmedia":[{"embeddable":true,"href":"https:\/\/2horizontes.com\/index.php?rest_route=\/wp\/v2\/media\/12734"}],"wp:attachment":[{"href":"https:\/\/2horizontes.com\/index.php?rest_route=%2Fwp%2Fv2%2Fmedia&parent=12733"}],"wp:term":[{"taxonomy":"category","embeddable":true,"href":"https:\/\/2horizontes.com\/index.php?rest_route=%2Fwp%2Fv2%2Fcategories&post=12733"},{"taxonomy":"post_tag","embeddable":true,"href":"https:\/\/2horizontes.com\/index.php?rest_route=%2Fwp%2Fv2%2Ftags&post=12733"}],"curies":[{"name":"wp","href":"https:\/\/api.w.org\/{rel}","templated":true}]}}