{"id":12710,"date":"2015-06-18T08:13:04","date_gmt":"2015-06-18T07:13:04","guid":{"rendered":"http:\/\/2horizontes.com\/?p=12710"},"modified":"2015-06-18T08:13:04","modified_gmt":"2015-06-18T07:13:04","slug":"la-guerrilla-atenta-contra-un-oleoducto-en-colombia","status":"publish","type":"post","link":"https:\/\/2horizontes.com\/?p=12710","title":{"rendered":"La guerrilla atenta contra un oleoducto en Colombia"},"content":{"rendered":"<p>EFE \/ Bogot\u00e1<br \/>\nEl oleoducto Ca\u00f1o Lim\u00f3n-Cove\u00f1as, de 780 kil\u00f3metros de longitud, fue ayer blanco de un nuevo atentado perpetrado por guerrilleros que lo dinamitaron, en una zona rural del departamento colombiano de Norte de Santander, en la frontera con Venezuela.<br \/>\nSeg\u00fan la estatal petrolera Ecopetrol, el ataque se produjo en el sitio conocido como Filo Guamo, en la zona rural de El Aserr\u00edo, perteneciente al municipio de Teorama, lo que ocasion\u00f3 un derrame de crudo que fue a parar a las aguas del r\u00edo Catatumbo.<br \/>\nAdem\u00e1s, se produjo un incendio que afect\u00f3 una vivienda, en tanto que otras cinco se vieron envueltas en humo, a\u00f1ade el comunicado de Ecopetrol.<br \/>\nHasta el momento, las autoridades no reportan muertos o heridos en una zona en la que hacen presencia el Ej\u00e9rcito de Liberaci\u00f3n Nacional (ELN) y las Fuerzas Armadas Revolucionarias de Colombia (FARC).<br \/>\nEcopetrol, que rechaz\u00f3 el atentado, suspendi\u00f3 el bombeo de petr\u00f3leo y activ\u00f3 un plan de contingencia para tratar de minimizar los da\u00f1os ocasionados por la acci\u00f3n guerrillera.<br \/>\nAsimismo,\u00a0 cuatro militares murieron y otros tres resultaron heridos en un incidente registrado en una zona rural de El Cagu\u00e1n, en el departamento del Caquet\u00e1, y cuyas circunstancias se investigan, informaron a la agencia E\u00a0\u00a0\u00a0FE fuentes castrenses.<br \/>\nLas mismas fuentes indicaron que por el momento no se dispone de informaci\u00f3n oficial sobre lo sucedido y que, de acuerdo con algunas versiones, podr\u00eda tratarse de un nuevo\u00a0 combate con la guerrilla de las FARC, muy activa en el pa\u00eds sudamericano.<\/p>\n","protected":false},"excerpt":{"rendered":"<p>EFE \/ Bogot\u00e1 El oleoducto Ca\u00f1o Lim\u00f3n-Cove\u00f1as, de 780 kil\u00f3metros de longitud, fue ayer blanco de un nuevo atentado perpetrado por guerrilleros que lo dinamitaron, en una zona rural del departamento colombiano de Norte de Santander, en la frontera con Venezuela. Seg\u00fan la estatal petrolera Ecopetrol, el ataque se produjo en el sitio conocido como [&hellip;]<\/p>\n","protected":false},"author":7,"featured_media":12711,"comment_status":"open","ping_status":"open","sticky":false,"template":"","format":"standard","meta":{"footnotes":""},"categories":[50,40],"tags":[],"class_list":["post-12710","post","type-post","status-publish","format-standard","has-post-thumbnail","hentry","category-colombia","category-internacionales"],"_links":{"self":[{"href":"https:\/\/2horizontes.com\/index.php?rest_route=\/wp\/v2\/posts\/12710","targetHints":{"allow":["GET"]}}],"collection":[{"href":"https:\/\/2horizontes.com\/index.php?rest_route=\/wp\/v2\/posts"}],"about":[{"href":"https:\/\/2horizontes.com\/index.php?rest_route=\/wp\/v2\/types\/post"}],"author":[{"embeddable":true,"href":"https:\/\/2horizontes.com\/index.php?rest_route=\/wp\/v2\/users\/7"}],"replies":[{"embeddable":true,"href":"https:\/\/2horizontes.com\/index.php?rest_route=%2Fwp%2Fv2%2Fcomments&post=12710"}],"version-history":[{"count":1,"href":"https:\/\/2horizontes.com\/index.php?rest_route=\/wp\/v2\/posts\/12710\/revisions"}],"predecessor-version":[{"id":12712,"href":"https:\/\/2horizontes.com\/index.php?rest_route=\/wp\/v2\/posts\/12710\/revisions\/12712"}],"wp:featuredmedia":[{"embeddable":true,"href":"https:\/\/2horizontes.com\/index.php?rest_route=\/wp\/v2\/media\/12711"}],"wp:attachment":[{"href":"https:\/\/2horizontes.com\/index.php?rest_route=%2Fwp%2Fv2%2Fmedia&parent=12710"}],"wp:term":[{"taxonomy":"category","embeddable":true,"href":"https:\/\/2horizontes.com\/index.php?rest_route=%2Fwp%2Fv2%2Fcategories&post=12710"},{"taxonomy":"post_tag","embeddable":true,"href":"https:\/\/2horizontes.com\/index.php?rest_route=%2Fwp%2Fv2%2Ftags&post=12710"}],"curies":[{"name":"wp","href":"https:\/\/api.w.org\/{rel}","templated":true}]}}