{"id":12707,"date":"2015-06-18T08:10:01","date_gmt":"2015-06-18T07:10:01","guid":{"rendered":"http:\/\/2horizontes.com\/?p=12707"},"modified":"2015-06-18T08:10:01","modified_gmt":"2015-06-18T07:10:01","slug":"piden-que-lopez-sea-evaluado-en-venezuela","status":"publish","type":"post","link":"https:\/\/2horizontes.com\/?p=12707","title":{"rendered":"Piden que L\u00f3pez sea evaluado en Venezuela"},"content":{"rendered":"<p>EFE \/ Caracas<br \/>\nLos abogados y m\u00e9dicos del opositor venezolano preso Leopoldo L\u00f3pez pidieron ayer\u00a0 que al dirigente le permitan ser evaluado por un especialista de la salud de su confianza debido a que su condici\u00f3n f\u00edsica se hace cr\u00edtica tras 24 d\u00edas ininterrumpidos de\u00a0 huelga de hambre.<br \/>\n\u00abLeopoldo tiene el derecho a negarse a que lo manipulen y a que lo toquen m\u00e9dicos que sean de su absoluta confianza\u201d, dijo en rueda de prensa el gastroenter\u00f3logo Guillermo Seijas, m\u00e9dico de la familia de L\u00f3pez, que hizo la exigencia de que \u00abse deje entrar a la persona que \u00e9l decida que debe ser su m\u00e9dico\u201d.<br \/>\nSeijas record\u00f3 que\u00a0 seg\u00fan el Convenio de Malta \u00abno se debe obligar a las personas en huelga de hambre a ser tratadas si lo rechazan\u201d. El m\u00e9dico tambi\u00e9n resalt\u00f3 que, tomando en cuenta que L\u00f3pez ya tiene m\u00e1s de tres semanas en huelga, ya ha entrado en una \u00abfase peligrosa\u201d, pues el organismo que se mantiene sin comer a lo largo de todo este tiempo consume sus propias prote\u00ednas lo que afectar\u00eda el h\u00edgado, el coraz\u00f3n y los ri\u00f1ones.<br \/>\nEl gastroenter\u00f3logo hizo presunciones acerca de cu\u00e1l puede ser el estado de salud del l\u00edder del partido Voluntad Popular, tomando en cuenta que ning\u00fan m\u00e9dico ha podido evaluarlo, y calcul\u00f3 que L\u00f3pez ya debe haber perdido unos 15 kilos de peso.<br \/>\nResalt\u00f3 que las consecuencias de una huelga de hambre prolongada pueden ser \u00abirreversibles\u201d para el l\u00edder opositor.<\/p>\n","protected":false},"excerpt":{"rendered":"<p>EFE \/ Caracas Los abogados y m\u00e9dicos del opositor venezolano preso Leopoldo L\u00f3pez pidieron ayer\u00a0 que al dirigente le permitan ser evaluado por un especialista de la salud de su confianza debido a que su condici\u00f3n f\u00edsica se hace cr\u00edtica tras 24 d\u00edas ininterrumpidos de\u00a0 huelga de hambre. \u00abLeopoldo tiene el derecho a negarse a [&hellip;]<\/p>\n","protected":false},"author":7,"featured_media":12708,"comment_status":"open","ping_status":"open","sticky":false,"template":"","format":"standard","meta":{"footnotes":""},"categories":[40,43,48],"tags":[],"class_list":["post-12707","post","type-post","status-publish","format-standard","has-post-thumbnail","hentry","category-internacionales","category-politica","category-venezuela"],"_links":{"self":[{"href":"https:\/\/2horizontes.com\/index.php?rest_route=\/wp\/v2\/posts\/12707","targetHints":{"allow":["GET"]}}],"collection":[{"href":"https:\/\/2horizontes.com\/index.php?rest_route=\/wp\/v2\/posts"}],"about":[{"href":"https:\/\/2horizontes.com\/index.php?rest_route=\/wp\/v2\/types\/post"}],"author":[{"embeddable":true,"href":"https:\/\/2horizontes.com\/index.php?rest_route=\/wp\/v2\/users\/7"}],"replies":[{"embeddable":true,"href":"https:\/\/2horizontes.com\/index.php?rest_route=%2Fwp%2Fv2%2Fcomments&post=12707"}],"version-history":[{"count":1,"href":"https:\/\/2horizontes.com\/index.php?rest_route=\/wp\/v2\/posts\/12707\/revisions"}],"predecessor-version":[{"id":12709,"href":"https:\/\/2horizontes.com\/index.php?rest_route=\/wp\/v2\/posts\/12707\/revisions\/12709"}],"wp:featuredmedia":[{"embeddable":true,"href":"https:\/\/2horizontes.com\/index.php?rest_route=\/wp\/v2\/media\/12708"}],"wp:attachment":[{"href":"https:\/\/2horizontes.com\/index.php?rest_route=%2Fwp%2Fv2%2Fmedia&parent=12707"}],"wp:term":[{"taxonomy":"category","embeddable":true,"href":"https:\/\/2horizontes.com\/index.php?rest_route=%2Fwp%2Fv2%2Fcategories&post=12707"},{"taxonomy":"post_tag","embeddable":true,"href":"https:\/\/2horizontes.com\/index.php?rest_route=%2Fwp%2Fv2%2Ftags&post=12707"}],"curies":[{"name":"wp","href":"https:\/\/api.w.org\/{rel}","templated":true}]}}