{"id":12701,"date":"2015-06-18T08:01:57","date_gmt":"2015-06-18T07:01:57","guid":{"rendered":"http:\/\/2horizontes.com\/?p=12701"},"modified":"2015-06-18T08:01:57","modified_gmt":"2015-06-18T07:01:57","slug":"anonymous-se-atribuye-un-ataque-contra-servidores-del-gobierno-de-canada","status":"publish","type":"post","link":"https:\/\/2horizontes.com\/?p=12701","title":{"rendered":"Anonymous se atribuye un ataque contra servidores del Gobierno de Canad\u00e1"},"content":{"rendered":"<div id=\"ArticleAuthorDiv\" class=\"article-body-author\"><b>EFE<\/b><\/div>\n<div id=\"ArticleSourceDiv\" class=\"article-body-author\"><b>Toronto (Canad\u00e1)<\/b><\/div>\n<div id=\"ArticleBody\">\n<p>El grupo Anonymous se responsabiliz\u00f3 del ciberataque que apag\u00f3 numerosos sitios web del Gobierno canadiense, en protesta por la aprobaci\u00f3n de una nueva ley antiterrorista que ampl\u00eda los poderes de vigilancia de los servicios secretos del pa\u00eds.<\/p>\n<p>El ataque se inici\u00f3 alrededor de las 16.00 GMT de hoy y afect\u00f3 a sitios web como los del Servicio Meteorol\u00f3gico y el Parlamento canadiense.<\/p>\n<p>Tony Clement, ministro del Consejo del Tesoro, confirm\u00f3 en el Parlamento el ataque.<\/p>\n<p>\u00abMe acaban de informar. Ha habido un ataque contra los servidores del Gobierno de Canad\u00e1\u00bb, declar\u00f3 Clement. Los sitios web permanecieron fuera de servicio varias horas.<\/p>\n<p>Medios de comunicaci\u00f3n canadienses se\u00f1alaron que el grupo Anonymous se responsabiliz\u00f3 del ataque en un v\u00eddeo colgado en Youtube.<\/p>\n<p>\u00abHemos lanzado un ataque contra las p\u00e1ginas web del Senado y el Gobierno de Canad\u00e1 en protesta por la reciente aprobaci\u00f3n del proyecto de Ley C-51\u00bb, se\u00f1ala el v\u00eddeo.<\/p>\n<p>El proyecto de ley fue aprobado por la C\u00e1mara baja del Parlamento canadiense en mayo y por el Senado el pasado 10 de junio.<\/p>\n<p>La nueva ley antiterrorista ampl\u00eda los poderes de vigilancia de los servicios secretos canadienses y ha sido calificada como excesiva por el principal partido de la oposici\u00f3n, el socialdem\u00f3crata Nuevo Partido Democr\u00e1tico, y organizaciones sociales.<\/p>\n<\/div>\n","protected":false},"excerpt":{"rendered":"<p>EFE Toronto (Canad\u00e1) El grupo Anonymous se responsabiliz\u00f3 del ciberataque que apag\u00f3 numerosos sitios web del Gobierno canadiense, en protesta por la aprobaci\u00f3n de una nueva ley antiterrorista que ampl\u00eda los poderes de vigilancia de los servicios secretos del pa\u00eds. El ataque se inici\u00f3 alrededor de las 16.00 GMT de hoy y afect\u00f3 a sitios [&hellip;]<\/p>\n","protected":false},"author":7,"featured_media":12702,"comment_status":"open","ping_status":"open","sticky":false,"template":"","format":"standard","meta":{"footnotes":""},"categories":[40,43],"tags":[],"class_list":["post-12701","post","type-post","status-publish","format-standard","has-post-thumbnail","hentry","category-internacionales","category-politica"],"_links":{"self":[{"href":"https:\/\/2horizontes.com\/index.php?rest_route=\/wp\/v2\/posts\/12701","targetHints":{"allow":["GET"]}}],"collection":[{"href":"https:\/\/2horizontes.com\/index.php?rest_route=\/wp\/v2\/posts"}],"about":[{"href":"https:\/\/2horizontes.com\/index.php?rest_route=\/wp\/v2\/types\/post"}],"author":[{"embeddable":true,"href":"https:\/\/2horizontes.com\/index.php?rest_route=\/wp\/v2\/users\/7"}],"replies":[{"embeddable":true,"href":"https:\/\/2horizontes.com\/index.php?rest_route=%2Fwp%2Fv2%2Fcomments&post=12701"}],"version-history":[{"count":1,"href":"https:\/\/2horizontes.com\/index.php?rest_route=\/wp\/v2\/posts\/12701\/revisions"}],"predecessor-version":[{"id":12703,"href":"https:\/\/2horizontes.com\/index.php?rest_route=\/wp\/v2\/posts\/12701\/revisions\/12703"}],"wp:featuredmedia":[{"embeddable":true,"href":"https:\/\/2horizontes.com\/index.php?rest_route=\/wp\/v2\/media\/12702"}],"wp:attachment":[{"href":"https:\/\/2horizontes.com\/index.php?rest_route=%2Fwp%2Fv2%2Fmedia&parent=12701"}],"wp:term":[{"taxonomy":"category","embeddable":true,"href":"https:\/\/2horizontes.com\/index.php?rest_route=%2Fwp%2Fv2%2Fcategories&post=12701"},{"taxonomy":"post_tag","embeddable":true,"href":"https:\/\/2horizontes.com\/index.php?rest_route=%2Fwp%2Fv2%2Ftags&post=12701"}],"curies":[{"name":"wp","href":"https:\/\/api.w.org\/{rel}","templated":true}]}}