{"id":12645,"date":"2015-06-17T23:19:32","date_gmt":"2015-06-17T22:19:32","guid":{"rendered":"http:\/\/2horizontes.com\/?p=12645"},"modified":"2015-06-17T23:19:32","modified_gmt":"2015-06-17T22:19:32","slug":"danilo-medina-dice-circunstancias-lo-obligan-a-dirigirse-esta-noche-al-pueblo-dominicano","status":"publish","type":"post","link":"https:\/\/2horizontes.com\/?p=12645","title":{"rendered":"Danilo Medina dice circunstancias lo obligan a dirigirse esta noche al pueblo dominicano"},"content":{"rendered":"<div id=\"ArticleBody\">\n<p>RD- SANTO DOMINGO-El presidente\u00a0 Danilo Medina dijo hoy\u00a0 que\u00a0 su discurso de esta noche\u00a0 obedece a que entendi\u00f3 que, ante las actuales circunstancias, debe hablarle a la poblaci\u00f3n.<\/p>\n<p>En ese sentido el mandatario reconoci\u00f3 que le fall\u00f3 a los periodistas que cubren la Fuente del Palacio Nacional, a quienes el 18 de agosto del 2014 les prometi\u00f3 realizar con ellos un nuevo encuentro cuando fuera a fijar su posici\u00f3n sobre el tema de la reelecci\u00f3n.<\/p>\n<p>Medina fue entrevistado por periodistas\u00a0 que se encontraron con \u00e9l mientras visitaba\u00a0 a la dirigente del Partido de la Liberaci\u00f3n Dominicana, Gladys Guti\u00e9rrez, quien se encuentra interna en el Centro de\u00a0 Diagn\u00f3stico\u00a0 Medicina Avanzada (CEDIMAT).<\/p>\n<p>\u00abLes fall\u00e9, pero entend\u00ed que deb\u00eda hablarle al pa\u00eds\u00bb, dijo Medina al conversar con los periodistas al salir de\u00a0 CEDIMAT. \u00a0 Este mi\u00e9rcoles el vocero de la presidencia, Roberto Rodr\u00edguez Marchena dijo que el discurso que pronunciara Medina esta noche a las nueve llenar\u00e1 las expectativas de la Poblaci\u00f3n.<\/p>\n<p>Despu\u00e9s de que el jefe de Estado se reuni\u00f3n con los periodistas en el agosto del a\u00f1o pasado, el jefe de Estado no se ha\u00a0 fijado posici\u00f3n sobre el tema de la reelecci\u00f3n, a pesar de que en el Congreso so produjo una reforma a la Constituci\u00f3n para\u00a0 permitir la reelecci\u00f3n presidencial.<\/p>\n<p>El mandatario lleg\u00f3 a Cedimat\u00a0 las 12:30 P.M. y\u00a0 se march\u00f3 pasadas la una de la tarde.<\/p>\n<p>Empleados y pacientes\u00a0 se tomaron\u00a0 fotos con el mandatario, mientras que a su salida el gobernante, se detuvo a hablar con una anciana que le solicit\u00f3 una ayuda.<\/p>\n<\/div>\n<div><\/div>\n<p>&nbsp;<\/p>\n","protected":false},"excerpt":{"rendered":"<p>RD- SANTO DOMINGO-El presidente\u00a0 Danilo Medina dijo hoy\u00a0 que\u00a0 su discurso de esta noche\u00a0 obedece a que entendi\u00f3 que, ante las actuales circunstancias, debe hablarle a la poblaci\u00f3n. En ese sentido el mandatario reconoci\u00f3 que le fall\u00f3 a los periodistas que cubren la Fuente del Palacio Nacional, a quienes el 18 de agosto del 2014 [&hellip;]<\/p>\n","protected":false},"author":8,"featured_media":12646,"comment_status":"open","ping_status":"open","sticky":false,"template":"","format":"standard","meta":{"footnotes":""},"categories":[43,44],"tags":[],"class_list":["post-12645","post","type-post","status-publish","format-standard","has-post-thumbnail","hentry","category-politica","category-republica-dominicana"],"_links":{"self":[{"href":"https:\/\/2horizontes.com\/index.php?rest_route=\/wp\/v2\/posts\/12645","targetHints":{"allow":["GET"]}}],"collection":[{"href":"https:\/\/2horizontes.com\/index.php?rest_route=\/wp\/v2\/posts"}],"about":[{"href":"https:\/\/2horizontes.com\/index.php?rest_route=\/wp\/v2\/types\/post"}],"author":[{"embeddable":true,"href":"https:\/\/2horizontes.com\/index.php?rest_route=\/wp\/v2\/users\/8"}],"replies":[{"embeddable":true,"href":"https:\/\/2horizontes.com\/index.php?rest_route=%2Fwp%2Fv2%2Fcomments&post=12645"}],"version-history":[{"count":1,"href":"https:\/\/2horizontes.com\/index.php?rest_route=\/wp\/v2\/posts\/12645\/revisions"}],"predecessor-version":[{"id":12647,"href":"https:\/\/2horizontes.com\/index.php?rest_route=\/wp\/v2\/posts\/12645\/revisions\/12647"}],"wp:featuredmedia":[{"embeddable":true,"href":"https:\/\/2horizontes.com\/index.php?rest_route=\/wp\/v2\/media\/12646"}],"wp:attachment":[{"href":"https:\/\/2horizontes.com\/index.php?rest_route=%2Fwp%2Fv2%2Fmedia&parent=12645"}],"wp:term":[{"taxonomy":"category","embeddable":true,"href":"https:\/\/2horizontes.com\/index.php?rest_route=%2Fwp%2Fv2%2Fcategories&post=12645"},{"taxonomy":"post_tag","embeddable":true,"href":"https:\/\/2horizontes.com\/index.php?rest_route=%2Fwp%2Fv2%2Ftags&post=12645"}],"curies":[{"name":"wp","href":"https:\/\/api.w.org\/{rel}","templated":true}]}}