{"id":12490,"date":"2015-06-16T19:06:16","date_gmt":"2015-06-16T18:06:16","guid":{"rendered":"http:\/\/2horizontes.com\/?p=12490"},"modified":"2015-06-16T19:06:16","modified_gmt":"2015-06-16T18:06:16","slug":"inician-pruebas-nacionales-en-republica-dominicana","status":"publish","type":"post","link":"https:\/\/2horizontes.com\/?p=12490","title":{"rendered":"Inician Pruebas nacionales en Rep\u00fablica Dominicana"},"content":{"rendered":"<p>Las pruebas nacionales del nivel b\u00e1sico se iniciaron esta ma\u00f1ana con normalidad y sin inconvenientes. Un total de 184,219 alumnos de octavo de b\u00e1sica y tercer ciclo de educaci\u00f3n de adultos participan en el proceso.<\/p>\n<p>Las evaluaciones se iniciaron puntual a las 9:00 de la ma\u00f1ana con el examen de lengua espa\u00f1ola, el cual result\u00f3 f\u00e1cil de completar, de acuerdo a varios estudiantes consultados por List\u00edn Diario durante un recorrido por varios centros sedes que funcionaron en el Distrito Nacional.<\/p>\n<p>La directora de Evaluaci\u00f3n de la Calidad de la Educaci\u00f3n, Ancell Sch\u00e9ker Mendoza, explic\u00f3 que a las pruebas nacionales fueron convocados 151,317 estudiantes de octavo grado del nivel b\u00e1sico y 32,902 del tercer ciclo de b\u00e1sica del subsistema de adultos, los cuales se evaluar\u00e1n a partir de las 3:00 de la tarde.<\/p>\n<p>La t\u00e9cnico del distrito educativo 15-03, Mar\u00eda Melania P\u00e9rez, quien coordin\u00f3 el proceso en el colegio Claret, donde se examinaron 208 alumnos de siete centros educativos privados, dijo que todos los materiales estaban completos y que ning\u00fan estudiante estuvo ausente.<\/p>\n<p>De igual forma, en la escuela b\u00e1sica Fray Ram\u00f3n Pan\u00e9, en el sector Los Jardines del Norte, donde se evaluaron 529\u00a0 estudiantes de 11 once centros educativos p\u00fablicos y privados, la t\u00e9cnico del distrito educativo 15-04, Maribel Galv\u00e1n, dijo que el proceso inici\u00f3 a tiempo y se desarroll\u00f3 con normalidad.<\/p>\n<p>Educaci\u00f3n no inform\u00f3 que porcentaje de los estudiantes matriculados este a\u00f1o en octavo grado y tercer ciclo de adultos participa en esta primera convocatoria, para poder determinar cu\u00e1ntos se aplazaron para las pruebas completivas y diferidas de b\u00e1sica programadas del 4 al 7 de agosto.<\/p>\n<p>Las pruebas contin\u00faan ma\u00f1ana con el examen de matem\u00e1tica, el jueves corresponde a\u00a0 ciencias sociales y concluyen el viernes con el de ciencias naturales.<\/p>\n<p>La primera convocatoria de las pruebas nacionales del nivel medio ser\u00e1 del 23 al 26 de junio.<\/p>\n","protected":false},"excerpt":{"rendered":"<p>Las pruebas nacionales del nivel b\u00e1sico se iniciaron esta ma\u00f1ana con normalidad y sin inconvenientes. Un total de 184,219 alumnos de octavo de b\u00e1sica y tercer ciclo de educaci\u00f3n de adultos participan en el proceso. Las evaluaciones se iniciaron puntual a las 9:00 de la ma\u00f1ana con el examen de lengua espa\u00f1ola, el cual result\u00f3 [&hellip;]<\/p>\n","protected":false},"author":4,"featured_media":12491,"comment_status":"open","ping_status":"open","sticky":false,"template":"","format":"standard","meta":{"footnotes":""},"categories":[55,44],"tags":[],"class_list":["post-12490","post","type-post","status-publish","format-standard","has-post-thumbnail","hentry","category-educacion","category-republica-dominicana"],"_links":{"self":[{"href":"https:\/\/2horizontes.com\/index.php?rest_route=\/wp\/v2\/posts\/12490","targetHints":{"allow":["GET"]}}],"collection":[{"href":"https:\/\/2horizontes.com\/index.php?rest_route=\/wp\/v2\/posts"}],"about":[{"href":"https:\/\/2horizontes.com\/index.php?rest_route=\/wp\/v2\/types\/post"}],"author":[{"embeddable":true,"href":"https:\/\/2horizontes.com\/index.php?rest_route=\/wp\/v2\/users\/4"}],"replies":[{"embeddable":true,"href":"https:\/\/2horizontes.com\/index.php?rest_route=%2Fwp%2Fv2%2Fcomments&post=12490"}],"version-history":[{"count":1,"href":"https:\/\/2horizontes.com\/index.php?rest_route=\/wp\/v2\/posts\/12490\/revisions"}],"predecessor-version":[{"id":12493,"href":"https:\/\/2horizontes.com\/index.php?rest_route=\/wp\/v2\/posts\/12490\/revisions\/12493"}],"wp:featuredmedia":[{"embeddable":true,"href":"https:\/\/2horizontes.com\/index.php?rest_route=\/wp\/v2\/media\/12491"}],"wp:attachment":[{"href":"https:\/\/2horizontes.com\/index.php?rest_route=%2Fwp%2Fv2%2Fmedia&parent=12490"}],"wp:term":[{"taxonomy":"category","embeddable":true,"href":"https:\/\/2horizontes.com\/index.php?rest_route=%2Fwp%2Fv2%2Fcategories&post=12490"},{"taxonomy":"post_tag","embeddable":true,"href":"https:\/\/2horizontes.com\/index.php?rest_route=%2Fwp%2Fv2%2Ftags&post=12490"}],"curies":[{"name":"wp","href":"https:\/\/api.w.org\/{rel}","templated":true}]}}