{"id":12487,"date":"2015-06-16T18:53:20","date_gmt":"2015-06-16T17:53:20","guid":{"rendered":"http:\/\/2horizontes.com\/?p=12487"},"modified":"2015-06-16T18:53:20","modified_gmt":"2015-06-16T17:53:20","slug":"inmigrantes-haitianos-insisten-en-inscribirse-en-el-plan-de-regularizacion","status":"publish","type":"post","link":"https:\/\/2horizontes.com\/?p=12487","title":{"rendered":"Inmigrantes haitianos insisten en  inscribirse en el Plan de Regularizaci\u00f3n"},"content":{"rendered":"<p>Con ni\u00f1os en brazos, incluso reci\u00e9n nacidos, y formados\u00a0 en tres hileras que luc\u00edan desordenadas, los ciudadanos haitianos continuaban hoy tratando de inscribirse en el Plan Nacional de Regularizaci\u00f3n de Extranjeros, que finaliza ma\u00f1ana.<\/p>\n<p>Durante la ma\u00f1ana de hoy, 250 ca\u00f1eros hab\u00edan sido inscritos en el plan. Al mediod\u00eda el personal se dispon\u00eda a llamar a los que esperaban su turno en la fila, quienes entrar\u00edan en grupos de 100.<\/p>\n<p>La coordinadora del Plan, Altagracia Figueroa, dijo que el flujo de personas ha aumentado y admiti\u00f3 que el personal est\u00e1 agotado, ya que han trabajado hasta las 10:00 de la noche.<\/p>\n<p>Al igual que ayer, un contingente policial trataba de mantener el orden.<\/p>\n<p>Otany Doseni, de 62 a\u00f1os, sufri\u00f3 una crisis hipertensiva mientras estaba formado en la fila, por lo que fue socorrido por una ambulancia del Ministerio de Salud P\u00fablica y fue trasladado al Hospital Moscoso Puello.<\/p>\n<p>Jes\u00fas N\u00fa\u00f1ez, vocero de los trabajadores ca\u00f1eros, asegur\u00f3 que ma\u00f1ana deben incluir en el Plan a otros 200 ca\u00f1eros y anunci\u00f3 que el jueves de la pr\u00f3xima semana se lanzar\u00e1n a las calles, esta vez en Gazcue.<\/p>\n","protected":false},"excerpt":{"rendered":"<p>Con ni\u00f1os en brazos, incluso reci\u00e9n nacidos, y formados\u00a0 en tres hileras que luc\u00edan desordenadas, los ciudadanos haitianos continuaban hoy tratando de inscribirse en el Plan Nacional de Regularizaci\u00f3n de Extranjeros, que finaliza ma\u00f1ana. Durante la ma\u00f1ana de hoy, 250 ca\u00f1eros hab\u00edan sido inscritos en el plan. Al mediod\u00eda el personal se dispon\u00eda a llamar [&hellip;]<\/p>\n","protected":false},"author":4,"featured_media":12488,"comment_status":"open","ping_status":"open","sticky":false,"template":"","format":"standard","meta":{"footnotes":""},"categories":[54,47,44],"tags":[],"class_list":["post-12487","post","type-post","status-publish","format-standard","has-post-thumbnail","hentry","category-emigrantes","category-haiti","category-republica-dominicana"],"_links":{"self":[{"href":"https:\/\/2horizontes.com\/index.php?rest_route=\/wp\/v2\/posts\/12487","targetHints":{"allow":["GET"]}}],"collection":[{"href":"https:\/\/2horizontes.com\/index.php?rest_route=\/wp\/v2\/posts"}],"about":[{"href":"https:\/\/2horizontes.com\/index.php?rest_route=\/wp\/v2\/types\/post"}],"author":[{"embeddable":true,"href":"https:\/\/2horizontes.com\/index.php?rest_route=\/wp\/v2\/users\/4"}],"replies":[{"embeddable":true,"href":"https:\/\/2horizontes.com\/index.php?rest_route=%2Fwp%2Fv2%2Fcomments&post=12487"}],"version-history":[{"count":1,"href":"https:\/\/2horizontes.com\/index.php?rest_route=\/wp\/v2\/posts\/12487\/revisions"}],"predecessor-version":[{"id":12489,"href":"https:\/\/2horizontes.com\/index.php?rest_route=\/wp\/v2\/posts\/12487\/revisions\/12489"}],"wp:featuredmedia":[{"embeddable":true,"href":"https:\/\/2horizontes.com\/index.php?rest_route=\/wp\/v2\/media\/12488"}],"wp:attachment":[{"href":"https:\/\/2horizontes.com\/index.php?rest_route=%2Fwp%2Fv2%2Fmedia&parent=12487"}],"wp:term":[{"taxonomy":"category","embeddable":true,"href":"https:\/\/2horizontes.com\/index.php?rest_route=%2Fwp%2Fv2%2Fcategories&post=12487"},{"taxonomy":"post_tag","embeddable":true,"href":"https:\/\/2horizontes.com\/index.php?rest_route=%2Fwp%2Fv2%2Ftags&post=12487"}],"curies":[{"name":"wp","href":"https:\/\/api.w.org\/{rel}","templated":true}]}}