{"id":12456,"date":"2015-06-16T17:04:57","date_gmt":"2015-06-16T16:04:57","guid":{"rendered":"http:\/\/2horizontes.com\/?p=12456"},"modified":"2015-06-16T17:07:05","modified_gmt":"2015-06-16T16:07:05","slug":"localizan-coche-bomba-en-soyapango","status":"publish","type":"post","link":"https:\/\/2horizontes.com\/?p=12456","title":{"rendered":"Localizan coche bomba en Soyapango"},"content":{"rendered":"<h2 class=\"abstract\"><\/h2>\n<p>El carro ten\u00eda una granada M-67 que explotar\u00eda al abrir la puerta del veh\u00edculo. Otro coche bomba fue preparado por pandilleros en 2009 contra un comerciante. En dicho caso, la granada utilizada era parte de una donaci\u00f3n extranjera a la FAES durante el conflicto armado.<\/p>\n<p>Un coche bomba fue localizado esta madrugada por la Polic\u00eda Nacional Civil (PNC) en la entrada a la residencial Prados de Venecia del municipio de Soyapango (San Salvador).<\/p>\n<p>Personal de la Divisi\u00f3n de Armas y Explosivos (DAE) lleg\u00f3 al lugar donde se encontraba el coche bomba para desactivar el artefacto explosivo.<\/p>\n<p>El veh\u00edculo fue robado en el departamento de Caba\u00f1as y en \u00e9l hab\u00eda una granada M67, la cual estaba cableada a una de las puertas del carro, para que al abrirla ocurriera la explosi\u00f3n.<\/p>\n<p>La DAE desactiv\u00f3 el artefacto y no se reportan lesionados, seg\u00fan informaci\u00f3n policial.<\/p>\n<p>En febrero de 2009, un grupo de pandilleros fabric\u00f3 un coche bomba contra un comerciante que se neg\u00f3 a pagarles extorsi\u00f3n y a quien hab\u00edan amenazado de muerte en San Juan Opico (La Libertad). La granada M-67, amarrada con alambre a la llanta delantera, explotar\u00eda cuando el comerciante girara el tim\u00f3n, cuando la espoleta fuera lanzada por la fuerza del alambre en tensi\u00f3n. Pero el comerciante nunca gir\u00f3.<\/p>\n<p>El artefacto explosivo utilizado por los pandilleros pertenec\u00eda a un lote de granadas\u00a0 que lleg\u00f3 al pa\u00eds como donaci\u00f3n a la FAES durante el conflicto armado.<\/p>\n<p>LPG<\/p>\n<p>&nbsp;<\/p>\n","protected":false},"excerpt":{"rendered":"<p>El carro ten\u00eda una granada M-67 que explotar\u00eda al abrir la puerta del veh\u00edculo. Otro coche bomba fue preparado por pandilleros en 2009 contra un comerciante. En dicho caso, la granada utilizada era parte de una donaci\u00f3n extranjera a la FAES durante el conflicto armado. Un coche bomba fue localizado esta madrugada por la Polic\u00eda [&hellip;]<\/p>\n","protected":false},"author":4,"featured_media":12457,"comment_status":"open","ping_status":"open","sticky":false,"template":"","format":"standard","meta":{"footnotes":""},"categories":[40,84],"tags":[],"class_list":["post-12456","post","type-post","status-publish","format-standard","has-post-thumbnail","hentry","category-internacionales","category-otras-noticias"],"_links":{"self":[{"href":"https:\/\/2horizontes.com\/index.php?rest_route=\/wp\/v2\/posts\/12456","targetHints":{"allow":["GET"]}}],"collection":[{"href":"https:\/\/2horizontes.com\/index.php?rest_route=\/wp\/v2\/posts"}],"about":[{"href":"https:\/\/2horizontes.com\/index.php?rest_route=\/wp\/v2\/types\/post"}],"author":[{"embeddable":true,"href":"https:\/\/2horizontes.com\/index.php?rest_route=\/wp\/v2\/users\/4"}],"replies":[{"embeddable":true,"href":"https:\/\/2horizontes.com\/index.php?rest_route=%2Fwp%2Fv2%2Fcomments&post=12456"}],"version-history":[{"count":3,"href":"https:\/\/2horizontes.com\/index.php?rest_route=\/wp\/v2\/posts\/12456\/revisions"}],"predecessor-version":[{"id":12460,"href":"https:\/\/2horizontes.com\/index.php?rest_route=\/wp\/v2\/posts\/12456\/revisions\/12460"}],"wp:featuredmedia":[{"embeddable":true,"href":"https:\/\/2horizontes.com\/index.php?rest_route=\/wp\/v2\/media\/12457"}],"wp:attachment":[{"href":"https:\/\/2horizontes.com\/index.php?rest_route=%2Fwp%2Fv2%2Fmedia&parent=12456"}],"wp:term":[{"taxonomy":"category","embeddable":true,"href":"https:\/\/2horizontes.com\/index.php?rest_route=%2Fwp%2Fv2%2Fcategories&post=12456"},{"taxonomy":"post_tag","embeddable":true,"href":"https:\/\/2horizontes.com\/index.php?rest_route=%2Fwp%2Fv2%2Ftags&post=12456"}],"curies":[{"name":"wp","href":"https:\/\/api.w.org\/{rel}","templated":true}]}}