{"id":12427,"date":"2015-06-16T15:28:14","date_gmt":"2015-06-16T14:28:14","guid":{"rendered":"http:\/\/2horizontes.com\/?p=12427"},"modified":"2015-06-16T15:31:08","modified_gmt":"2015-06-16T14:31:08","slug":"un-taxista-sufre-un-infarto-fulminante-durante-realizaba-su-labor-en-rd","status":"publish","type":"post","link":"https:\/\/2horizontes.com\/?p=12427","title":{"rendered":"UN TAXISTA SUFRE UN INFARTO FULMINANTE MIENTRAS REALIZABA SU LABOR EN RD"},"content":{"rendered":"<p><strong>Santo Domingo<\/strong><\/p>\n<p><strong>Un taxista muri\u00f3 a las 8:30 de esta ma\u00f1ana en plena avenida N\u00fa\u00f1ez de C\u00e1ceres cuando trasladaba a una pasajera en su veh\u00edculo que transitaba de sur a norte.<\/strong><\/p>\n<p><strong>El taxista a\u00fan no identificado se indispuso y su veh\u00edculo qued\u00f3 estacionado en medio de la v\u00eda, mientras los dem\u00e1s automovilistas les tocaban bocina tratando de que se moviera La joven que viajaba como pasajera se desmont\u00f3 llorosa, tratando de auxiliarlo, llamando la atenci\u00f3n de las personas que estaban en el entorno.<\/strong><\/p>\n<p><strong>El taxista, que conduc\u00eda un carro Toyota Corolla verde oscuro, cay\u00f3 al pavimento donde al parecer sufri\u00f3 un infarto fulminante.<\/strong><\/p>\n<p><strong>Decenas de curiosos se aglomeraron en los alrededores, donde agentes de la Amet tratan de agilizar el tr\u00e1nsito que se ha congestionado, debido a que el cad\u00e1ver a\u00fan permanece en el pavimento.<\/strong><\/p>\n<p><strong>El fallecido es un hombre corpulento, de tez mulata y con una edad aproximada de algunos 40 a\u00f1os.<\/strong><\/p>\n<p>&nbsp;<\/p>\n","protected":false},"excerpt":{"rendered":"<p>Santo Domingo Un taxista muri\u00f3 a las 8:30 de esta ma\u00f1ana en plena avenida N\u00fa\u00f1ez de C\u00e1ceres cuando trasladaba a una pasajera en su veh\u00edculo que transitaba de sur a norte. El taxista a\u00fan no identificado se indispuso y su veh\u00edculo qued\u00f3 estacionado en medio de la v\u00eda, mientras los dem\u00e1s automovilistas les tocaban bocina [&hellip;]<\/p>\n","protected":false},"author":4,"featured_media":12417,"comment_status":"open","ping_status":"open","sticky":false,"template":"","format":"standard","meta":{"footnotes":""},"categories":[44],"tags":[],"class_list":["post-12427","post","type-post","status-publish","format-standard","has-post-thumbnail","hentry","category-republica-dominicana"],"_links":{"self":[{"href":"https:\/\/2horizontes.com\/index.php?rest_route=\/wp\/v2\/posts\/12427","targetHints":{"allow":["GET"]}}],"collection":[{"href":"https:\/\/2horizontes.com\/index.php?rest_route=\/wp\/v2\/posts"}],"about":[{"href":"https:\/\/2horizontes.com\/index.php?rest_route=\/wp\/v2\/types\/post"}],"author":[{"embeddable":true,"href":"https:\/\/2horizontes.com\/index.php?rest_route=\/wp\/v2\/users\/4"}],"replies":[{"embeddable":true,"href":"https:\/\/2horizontes.com\/index.php?rest_route=%2Fwp%2Fv2%2Fcomments&post=12427"}],"version-history":[{"count":2,"href":"https:\/\/2horizontes.com\/index.php?rest_route=\/wp\/v2\/posts\/12427\/revisions"}],"predecessor-version":[{"id":12431,"href":"https:\/\/2horizontes.com\/index.php?rest_route=\/wp\/v2\/posts\/12427\/revisions\/12431"}],"wp:featuredmedia":[{"embeddable":true,"href":"https:\/\/2horizontes.com\/index.php?rest_route=\/wp\/v2\/media\/12417"}],"wp:attachment":[{"href":"https:\/\/2horizontes.com\/index.php?rest_route=%2Fwp%2Fv2%2Fmedia&parent=12427"}],"wp:term":[{"taxonomy":"category","embeddable":true,"href":"https:\/\/2horizontes.com\/index.php?rest_route=%2Fwp%2Fv2%2Fcategories&post=12427"},{"taxonomy":"post_tag","embeddable":true,"href":"https:\/\/2horizontes.com\/index.php?rest_route=%2Fwp%2Fv2%2Ftags&post=12427"}],"curies":[{"name":"wp","href":"https:\/\/api.w.org\/{rel}","templated":true}]}}