{"id":12374,"date":"2015-06-16T12:27:42","date_gmt":"2015-06-16T11:27:42","guid":{"rendered":"http:\/\/2horizontes.com\/?p=12374"},"modified":"2015-06-16T12:27:42","modified_gmt":"2015-06-16T11:27:42","slug":"maduro-dice-que-con-ee-uu-se-ha-abierto-un-canal-diplomatico-muy-importante","status":"publish","type":"post","link":"https:\/\/2horizontes.com\/?p=12374","title":{"rendered":"Maduro dice que con EE.UU. se ha abierto un canal diplom\u00e1tico \u00abmuy importante\u00bb"},"content":{"rendered":"<div id=\"ArticleAuthorDiv\" class=\"article-body-author\"><b>EFE<\/b><\/div>\n<div id=\"ArticleSourceDiv\" class=\"article-body-author\"><b>Caracas<\/b><\/div>\n<div id=\"ArticleBody\">\n<p>El presidente de Venezuela, Nicol\u00e1s Maduro, dijo ayer que con Estados Unidos se ha abierto un canal diplom\u00e1tico \u00abmuy importante\u00bb al comentar sobre la \u00abreuni\u00f3n especial\u00bb que se desarroll\u00f3 el s\u00e1bado pasado en Hait\u00ed entre una comisi\u00f3n del Gobierno venezolano con un representante de Washington.<\/p>\n<p>Durante un acto de homenaje al saliente embajador de China en Venezuela Zhao Rongxian, el presidente venezolano coment\u00f3 que con el Gobierno de Estados Unidos se ha \u00ababierto un canal diplom\u00e1tico muy importante\u00bb.<\/p>\n<p>Se refiri\u00f3, durante su discurso, a la reuni\u00f3n oficial que se realiz\u00f3 el s\u00e1bado pasado en Hait\u00ed entre una comisi\u00f3n venezolana conformada por la canciller, Delcy Rodr\u00edguez, y el presidente del Parlamento, Diosdado Cabello, con el consejero del Departamento de Estado de EE.UU., Thomas Shannon.<\/p>\n<p>\u00abConversaron asuntos que tienen que ver con Hait\u00ed, del apoyo que nosotros estamos prest\u00e1ndole a Hait\u00ed y luego hubo una reuni\u00f3n especial para conversar asuntos bilaterales para seguir canalizando, por las v\u00edas diplom\u00e1ticas, como debe ser, la regularizaci\u00f3n de relaciones con Estados Unidos de Norteam\u00e9rica\u00bb, dijo Maduro.<\/p>\n<p>La estatal Agencia Venezolana de Noticias (AVN) inform\u00f3 que este encuentro \u00abse realiz\u00f3 dentro del proceso de acercamiento que llevan los gobiernos de Estados Unidos y de Venezuela con miras a normalizar las relaciones diplom\u00e1ticas, dentro del respeto a la legislaci\u00f3n internacional, la soberan\u00eda y autodeterminaci\u00f3n de los pueblos\u00bb.<\/p>\n<p>Por su parte el Gobierno estadounidense calific\u00f3 ayer de \u00abpositiva y productiva\u00bb esta reuni\u00f3n entre Shannon, y los funcionarios venezolanos, pero no ahond\u00f3 en el contenido del encuentro que, seg\u00fan fuentes venezolanas, cont\u00f3 con la mediaci\u00f3n del presidente haitiano, Michel Martelly.<\/p>\n<p>\u00abEl embajador Shannon habl\u00f3 (en Hait\u00ed) con funcionarios venezolanos. Trataron sobre todos los aspectos de nuestra relaci\u00f3n bilateral. Fueron encuentros positivos y productivos\u00bb, dijo el portavoz del Departamento de Estado, Jeff Rathke.<\/p>\n<p>Shannon aprovech\u00f3 la \u00aboportunidad\u00bb de reunirse con Rodr\u00edguez y Cabello durante su visita a Hait\u00ed para conversar sobre \u00abel apoyo (estadounidense) a las elecciones\u00bb en ese pa\u00eds y a la \u00abreconstrucci\u00f3n y el desarrollo\u00bb haitianos, explic\u00f3 Rathke.<\/p>\n<p>El portavoz no hizo comentarios sobre el hecho de que Shannon se reuniera con Cabello, que seg\u00fan varios informes de prensa est\u00e1 siendo investigado en Estados Unidos por sus presuntos lazos con el narcotr\u00e1fico.<\/p>\n<p>El senador republicano de EE.UU. Marco Rubio conden\u00f3 hoy que Shannon se reuniera con Cabello, al que defini\u00f3 como \u00abel funcionario m\u00e1s corrupto del r\u00e9gimen venezolano\u00bb.<\/p>\n<p>La reuni\u00f3n en Hait\u00ed marca el tercer encuentro entre Shannon y altos funcionarios venezolanos en poco m\u00e1s de dos meses, un di\u00e1logo con el que ambos pa\u00edses han buscado limar sus diferencias y del que han trascendido pocos detalles.<\/p>\n<p>La tensi\u00f3n entre EE.UU. y Venezuela aument\u00f3 notablemente a ra\u00edz del decreto firmado en marzo pasado por el presidente de EE.UU., Barack Obama, en el que declar\u00f3 a Venezuela una \u00abamenaza\u00bb para la seguridad nacional de su pa\u00eds y sancionaba a un grupo de funcionarios venezolanos por violaciones a los derechos humanos.<\/p>\n<\/div>\n","protected":false},"excerpt":{"rendered":"<p>EFE Caracas El presidente de Venezuela, Nicol\u00e1s Maduro, dijo ayer que con Estados Unidos se ha abierto un canal diplom\u00e1tico \u00abmuy importante\u00bb al comentar sobre la \u00abreuni\u00f3n especial\u00bb que se desarroll\u00f3 el s\u00e1bado pasado en Hait\u00ed entre una comisi\u00f3n del Gobierno venezolano con un representante de Washington. Durante un acto de homenaje al saliente embajador [&hellip;]<\/p>\n","protected":false},"author":7,"featured_media":12375,"comment_status":"open","ping_status":"open","sticky":false,"template":"","format":"standard","meta":{"footnotes":""},"categories":[40,43,48],"tags":[],"class_list":["post-12374","post","type-post","status-publish","format-standard","has-post-thumbnail","hentry","category-internacionales","category-politica","category-venezuela"],"_links":{"self":[{"href":"https:\/\/2horizontes.com\/index.php?rest_route=\/wp\/v2\/posts\/12374","targetHints":{"allow":["GET"]}}],"collection":[{"href":"https:\/\/2horizontes.com\/index.php?rest_route=\/wp\/v2\/posts"}],"about":[{"href":"https:\/\/2horizontes.com\/index.php?rest_route=\/wp\/v2\/types\/post"}],"author":[{"embeddable":true,"href":"https:\/\/2horizontes.com\/index.php?rest_route=\/wp\/v2\/users\/7"}],"replies":[{"embeddable":true,"href":"https:\/\/2horizontes.com\/index.php?rest_route=%2Fwp%2Fv2%2Fcomments&post=12374"}],"version-history":[{"count":1,"href":"https:\/\/2horizontes.com\/index.php?rest_route=\/wp\/v2\/posts\/12374\/revisions"}],"predecessor-version":[{"id":12376,"href":"https:\/\/2horizontes.com\/index.php?rest_route=\/wp\/v2\/posts\/12374\/revisions\/12376"}],"wp:featuredmedia":[{"embeddable":true,"href":"https:\/\/2horizontes.com\/index.php?rest_route=\/wp\/v2\/media\/12375"}],"wp:attachment":[{"href":"https:\/\/2horizontes.com\/index.php?rest_route=%2Fwp%2Fv2%2Fmedia&parent=12374"}],"wp:term":[{"taxonomy":"category","embeddable":true,"href":"https:\/\/2horizontes.com\/index.php?rest_route=%2Fwp%2Fv2%2Fcategories&post=12374"},{"taxonomy":"post_tag","embeddable":true,"href":"https:\/\/2horizontes.com\/index.php?rest_route=%2Fwp%2Fv2%2Ftags&post=12374"}],"curies":[{"name":"wp","href":"https:\/\/api.w.org\/{rel}","templated":true}]}}