{"id":12351,"date":"2015-06-16T11:35:28","date_gmt":"2015-06-16T10:35:28","guid":{"rendered":"http:\/\/2horizontes.com\/?p=12351"},"modified":"2015-06-16T11:35:28","modified_gmt":"2015-06-16T10:35:28","slug":"la-union-europea-reconoce-legalmente-el-derecho-al-olvido-en-internet","status":"publish","type":"post","link":"https:\/\/2horizontes.com\/?p=12351","title":{"rendered":"La Uni\u00f3n Europea reconoce legalmente el &#8216;derecho al olvido&#8217; en Internet"},"content":{"rendered":"<p>Las compa\u00f1\u00edas de internet s\u00f3lo podr\u00e1n procesar informaci\u00f3n personal con el \u00abconsentimiento inequ\u00edvoco\u00bb del usuario. Fue un espa\u00f1ol, Mario Costeja, quien el pasado a\u00f1o logr\u00f3 que la justicia europea reconociera el derecho a borrar su pasado de internet.<\/p>\n<p>El Tribunal de Estrasburgo sentenci\u00f3 que no ten\u00eda por qu\u00e9 quedar rastro en las redes de una deuda ya saldada. Se abrieron as\u00ed las puertas al derecho al olvido, y desde entonces Google ha recibido un mill\u00f3n de solicitudes. Casi la mitad han sido atendidas.<\/p>\n<p>La Uni\u00f3n Europea da ahora un paso m\u00e1s y no ser\u00e1 una sentencia, sino una ley la que obligue a los gigantes de internet a hacer desaparecer datos personales incorrectos, anticuados o perjudiciales.<\/p>\n<p>Ser\u00e1 dif\u00edcil que Facebook y Google apliquen el derecho al olvido pero tendr\u00e1n que adaptarse a las leyes europeas\u00bb, dice Peter Schaar, comisionado alem\u00e1n de protecci\u00f3n de datos.<\/p>\n<p>La norma que aprobada por los 28 ministros de justicia de la Uni\u00f3n establece que las compa\u00f1\u00edas de internet solo podr\u00e1n procesar informaci\u00f3n personal si cuentan con el consentimiento inequ\u00edvoco de los usuarios.<\/p>\n<p>Los expertos recuerdan que la mejor forma de evitar que circule una informaci\u00f3n sensible es no subirla a la red. Cualquier europeo podr\u00e1 pedir que se elimine el material que haya subido a una red social, aunque el derecho al olvido no se aplicar\u00e1 si afecta a la libertad de expresi\u00f3n o informaci\u00f3n.<\/p>\n","protected":false},"excerpt":{"rendered":"<p>Las compa\u00f1\u00edas de internet s\u00f3lo podr\u00e1n procesar informaci\u00f3n personal con el \u00abconsentimiento inequ\u00edvoco\u00bb del usuario. Fue un espa\u00f1ol, Mario Costeja, quien el pasado a\u00f1o logr\u00f3 que la justicia europea reconociera el derecho a borrar su pasado de internet. El Tribunal de Estrasburgo sentenci\u00f3 que no ten\u00eda por qu\u00e9 quedar rastro en las redes de una [&hellip;]<\/p>\n","protected":false},"author":3,"featured_media":12352,"comment_status":"open","ping_status":"open","sticky":false,"template":"","format":"standard","meta":{"footnotes":""},"categories":[1],"tags":[],"class_list":["post-12351","post","type-post","status-publish","format-standard","has-post-thumbnail","hentry","category-entretenimiento"],"_links":{"self":[{"href":"https:\/\/2horizontes.com\/index.php?rest_route=\/wp\/v2\/posts\/12351","targetHints":{"allow":["GET"]}}],"collection":[{"href":"https:\/\/2horizontes.com\/index.php?rest_route=\/wp\/v2\/posts"}],"about":[{"href":"https:\/\/2horizontes.com\/index.php?rest_route=\/wp\/v2\/types\/post"}],"author":[{"embeddable":true,"href":"https:\/\/2horizontes.com\/index.php?rest_route=\/wp\/v2\/users\/3"}],"replies":[{"embeddable":true,"href":"https:\/\/2horizontes.com\/index.php?rest_route=%2Fwp%2Fv2%2Fcomments&post=12351"}],"version-history":[{"count":1,"href":"https:\/\/2horizontes.com\/index.php?rest_route=\/wp\/v2\/posts\/12351\/revisions"}],"predecessor-version":[{"id":12353,"href":"https:\/\/2horizontes.com\/index.php?rest_route=\/wp\/v2\/posts\/12351\/revisions\/12353"}],"wp:featuredmedia":[{"embeddable":true,"href":"https:\/\/2horizontes.com\/index.php?rest_route=\/wp\/v2\/media\/12352"}],"wp:attachment":[{"href":"https:\/\/2horizontes.com\/index.php?rest_route=%2Fwp%2Fv2%2Fmedia&parent=12351"}],"wp:term":[{"taxonomy":"category","embeddable":true,"href":"https:\/\/2horizontes.com\/index.php?rest_route=%2Fwp%2Fv2%2Fcategories&post=12351"},{"taxonomy":"post_tag","embeddable":true,"href":"https:\/\/2horizontes.com\/index.php?rest_route=%2Fwp%2Fv2%2Ftags&post=12351"}],"curies":[{"name":"wp","href":"https:\/\/api.w.org\/{rel}","templated":true}]}}