{"id":12339,"date":"2015-06-16T01:06:28","date_gmt":"2015-06-16T00:06:28","guid":{"rendered":"http:\/\/2horizontes.com\/?p=12339"},"modified":"2015-06-16T01:06:28","modified_gmt":"2015-06-16T00:06:28","slug":"muere-un-preso-con-sintomas-de-colera-en-la-carcel-de-la-vega","status":"publish","type":"post","link":"https:\/\/2horizontes.com\/?p=12339","title":{"rendered":"Muere un preso con s\u00edntomas de c\u00f3lera en la c\u00e1rcel de La Vega"},"content":{"rendered":"<p>RD- LA VEGA- Un recluso de la c\u00e1rcel de La Vega muri\u00f3 supuesta-mente\u00a0de c\u00f3lera, mientras otros est\u00e1n afectados por afecciones diarreicas.<\/p>\n<p>La v\u00edctima es Wilson Quezada Delgado, el cual resid\u00eda en el municipio de Constanza y guardaba prisi\u00f3n por violaci\u00f3n a la Ley 136.<\/p>\n<p>El director regional de Salud P\u00fablica, Freddy Abad Fabi\u00e1n, declar\u00f3 a periodistas locales que un oficial del Ej\u00e9rcito asignado a la custodia de ese recinto carcelario se encuentra recluido en un centro de salud de La Vega afectado de una afecci\u00f3n diarreica.<\/p>\n<p>Luego de conocer la informaci\u00f3n de familiares de los reos de que varios de ellos tienen s\u00edntomas de c\u00f3lera, las autoridades iniciaron un operativo en la c\u00e1rcel.<\/p>\n<p>Como parte de las medidas preventivas han separados a los reclusos afectados del resto de los internos.<\/p>\n<p>El Ministerio de Salud P\u00fablica y otras autoridades investigan la situaci\u00f3n.<\/p>\n","protected":false},"excerpt":{"rendered":"<p>RD- LA VEGA- Un recluso de la c\u00e1rcel de La Vega muri\u00f3 supuesta-mente\u00a0de c\u00f3lera, mientras otros est\u00e1n afectados por afecciones diarreicas. La v\u00edctima es Wilson Quezada Delgado, el cual resid\u00eda en el municipio de Constanza y guardaba prisi\u00f3n por violaci\u00f3n a la Ley 136. El director regional de Salud P\u00fablica, Freddy Abad Fabi\u00e1n, declar\u00f3 a [&hellip;]<\/p>\n","protected":false},"author":8,"featured_media":12340,"comment_status":"open","ping_status":"open","sticky":false,"template":"","format":"standard","meta":{"footnotes":""},"categories":[53],"tags":[],"class_list":["post-12339","post","type-post","status-publish","format-standard","has-post-thumbnail","hentry","category-provincias"],"_links":{"self":[{"href":"https:\/\/2horizontes.com\/index.php?rest_route=\/wp\/v2\/posts\/12339","targetHints":{"allow":["GET"]}}],"collection":[{"href":"https:\/\/2horizontes.com\/index.php?rest_route=\/wp\/v2\/posts"}],"about":[{"href":"https:\/\/2horizontes.com\/index.php?rest_route=\/wp\/v2\/types\/post"}],"author":[{"embeddable":true,"href":"https:\/\/2horizontes.com\/index.php?rest_route=\/wp\/v2\/users\/8"}],"replies":[{"embeddable":true,"href":"https:\/\/2horizontes.com\/index.php?rest_route=%2Fwp%2Fv2%2Fcomments&post=12339"}],"version-history":[{"count":1,"href":"https:\/\/2horizontes.com\/index.php?rest_route=\/wp\/v2\/posts\/12339\/revisions"}],"predecessor-version":[{"id":12341,"href":"https:\/\/2horizontes.com\/index.php?rest_route=\/wp\/v2\/posts\/12339\/revisions\/12341"}],"wp:featuredmedia":[{"embeddable":true,"href":"https:\/\/2horizontes.com\/index.php?rest_route=\/wp\/v2\/media\/12340"}],"wp:attachment":[{"href":"https:\/\/2horizontes.com\/index.php?rest_route=%2Fwp%2Fv2%2Fmedia&parent=12339"}],"wp:term":[{"taxonomy":"category","embeddable":true,"href":"https:\/\/2horizontes.com\/index.php?rest_route=%2Fwp%2Fv2%2Fcategories&post=12339"},{"taxonomy":"post_tag","embeddable":true,"href":"https:\/\/2horizontes.com\/index.php?rest_route=%2Fwp%2Fv2%2Ftags&post=12339"}],"curies":[{"name":"wp","href":"https:\/\/api.w.org\/{rel}","templated":true}]}}