{"id":12318,"date":"2015-06-15T18:35:10","date_gmt":"2015-06-15T17:35:10","guid":{"rendered":"http:\/\/2horizontes.com\/?p=12318"},"modified":"2015-06-15T18:35:19","modified_gmt":"2015-06-15T17:35:19","slug":"el-orgullo-gay-madrid-2015-ya-tiene-pregoneros-cayetana-y-amenabar","status":"publish","type":"post","link":"https:\/\/2horizontes.com\/?p=12318","title":{"rendered":"El Orgullo Gay Madrid 2015 ya tiene pregoneros Cayetana y Amen\u00e1bar"},"content":{"rendered":"<p>A poco m\u00e1s de 15 d\u00edas para celebrar el Orgullo LGBT de la capital de Espa\u00f1a, y uno de lo m\u00e1s importantes del mundo, ya conocemos los responsables de dar el preg\u00f3n seg\u00fan anuncia Shangay.<\/p>\n<p>Ser\u00e1n en esta ocasi\u00f3n Cayetana Guill\u00e9n Cuervo y Alejandro Amenabar. Ambos est\u00e1n de plena actualidad LGBT. La primera por su papel en \u201cEl Ministerio del Tiempo\u201d, que la ha convertido en un icono l\u00e9sbico, y el segundo porque se casar\u00e1 pronto con su novio.<\/p>\n<p>Adem\u00e1s, se ha invitado a la ya alcaldesa Manuela Carmena a que tambi\u00e9n est\u00e9 presente en ese preg\u00f3n, pero de momento a\u00fan tenemos que esperar su respuesta. Pero todos esperamos que sea positiva<\/p>\n<p>Un orgullo que, por cierto, No discurrir\u00e1 por Gran V\u00eda. Algunos esperaban que el cambio de color del Ayuntamiento beneficiara la vuelta al recorrido original, pero la FELGTB ha explicado en una recogida de firmas de Change.org que, por motivos de seguridad, no hay m\u00e1s remedio que renunciar a la Gran V\u00eda porque el nuevo consistorio debe hacer un nuevo estudio de viabilidad que, con 15 d\u00edas, es imposible realizar.<\/p>\n<p>En este sentido, fuentes de la organizaci\u00f3n del Orgullo ya nos explicaron hace unos d\u00edas que este a\u00f1o, probablemente, no notaremos un gran cambio en el Orgullo, ya que los permisos y gestiones se han realizado con la alcaldesa saliente Ana Botella. Pocos d\u00edas y poca maniobra le queda por delante a Manuela Carmen que esperemos, eso s\u00ed, que se deje caer por el preg\u00f3n.<\/p>\n","protected":false},"excerpt":{"rendered":"<p>A poco m\u00e1s de 15 d\u00edas para celebrar el Orgullo LGBT de la capital de Espa\u00f1a, y uno de lo m\u00e1s importantes del mundo, ya conocemos los responsables de dar el preg\u00f3n seg\u00fan anuncia Shangay. Ser\u00e1n en esta ocasi\u00f3n Cayetana Guill\u00e9n Cuervo y Alejandro Amenabar. Ambos est\u00e1n de plena actualidad LGBT. La primera por su [&hellip;]<\/p>\n","protected":false},"author":3,"featured_media":12319,"comment_status":"open","ping_status":"open","sticky":false,"template":"","format":"standard","meta":{"footnotes":""},"categories":[57],"tags":[],"class_list":["post-12318","post","type-post","status-publish","format-standard","has-post-thumbnail","hentry","category-mundo-gay"],"_links":{"self":[{"href":"https:\/\/2horizontes.com\/index.php?rest_route=\/wp\/v2\/posts\/12318","targetHints":{"allow":["GET"]}}],"collection":[{"href":"https:\/\/2horizontes.com\/index.php?rest_route=\/wp\/v2\/posts"}],"about":[{"href":"https:\/\/2horizontes.com\/index.php?rest_route=\/wp\/v2\/types\/post"}],"author":[{"embeddable":true,"href":"https:\/\/2horizontes.com\/index.php?rest_route=\/wp\/v2\/users\/3"}],"replies":[{"embeddable":true,"href":"https:\/\/2horizontes.com\/index.php?rest_route=%2Fwp%2Fv2%2Fcomments&post=12318"}],"version-history":[{"count":2,"href":"https:\/\/2horizontes.com\/index.php?rest_route=\/wp\/v2\/posts\/12318\/revisions"}],"predecessor-version":[{"id":12321,"href":"https:\/\/2horizontes.com\/index.php?rest_route=\/wp\/v2\/posts\/12318\/revisions\/12321"}],"wp:featuredmedia":[{"embeddable":true,"href":"https:\/\/2horizontes.com\/index.php?rest_route=\/wp\/v2\/media\/12319"}],"wp:attachment":[{"href":"https:\/\/2horizontes.com\/index.php?rest_route=%2Fwp%2Fv2%2Fmedia&parent=12318"}],"wp:term":[{"taxonomy":"category","embeddable":true,"href":"https:\/\/2horizontes.com\/index.php?rest_route=%2Fwp%2Fv2%2Fcategories&post=12318"},{"taxonomy":"post_tag","embeddable":true,"href":"https:\/\/2horizontes.com\/index.php?rest_route=%2Fwp%2Fv2%2Ftags&post=12318"}],"curies":[{"name":"wp","href":"https:\/\/api.w.org\/{rel}","templated":true}]}}