{"id":12309,"date":"2015-06-15T18:22:04","date_gmt":"2015-06-15T17:22:04","guid":{"rendered":"http:\/\/2horizontes.com\/?p=12309"},"modified":"2015-06-15T18:23:14","modified_gmt":"2015-06-15T17:23:14","slug":"cristiano-se-gana-un-descanso","status":"publish","type":"post","link":"https:\/\/2horizontes.com\/?p=12309","title":{"rendered":"Cristiano se gana un descanso"},"content":{"rendered":"<p>El entrenador de la selecci\u00f3n portuguesa, Fernando Santos, asegur\u00f3 que la decisi\u00f3n de liberar a Cristiano Ronaldo de cara al partido amistoso de Italia fue responsabilidad suya y la justific\u00f3 por el cansancio del jugador.<\/p>\n<div id=\"tt-wrapperafa4903\" class=\"tt-wrapper inread \">\n<div id=\"tt-containerafa4903\" class=\"tt-container inread \">\n<div id=\"tt-muteafa4903\"><\/div>\n<div id=\"tt-playerafa4903\" class=\"tt-player inread \">Ronaldo fue el gran protagonista del duelo de clasificaci\u00f3n para la Eurocopa jugado en Armenia (2-3) ya que anot\u00f3 los tres goles de su equipo, el \u00faltimo de ellos de bella factura.<\/div>\n<\/div>\n<\/div>\n<p>De hecho, en la fase de grupos para la Eurocopa de 2016, Ronaldo marc\u00f3 cinco de los siete tantos que lleva el equipo en los cinco encuentros disputados hasta el momento, claves para situarse como l\u00edderes de grupo.<\/p>\n<p>El t\u00e9cnico luso, Fernando Santos, incidi\u00f3 en que es habitual que en caso de grandes futbolistas como Ronaldo los equipos \u00abde alguna forma se hagan dependientes de ellos y se acaban acostumbrando a eso\u00bb, y record\u00f3 que tambi\u00e9n en el Real Madrid supone m\u00e1s del 50 % de los goles.<\/p>\n<p>El entrenador admiti\u00f3 que la versi\u00f3n del conjunto de las \u00abquinas\u00bb frente a Armenia no fue la mejor, aunque destac\u00f3 el \u00abesfuerzo\u00bb y el \u00absacrificio\u00bb de sus jugadores para lograr la trabajada victoria. Santos defendi\u00f3 que Portugal tiene la suficiente \u00abcalidad individual, no s\u00f3lo a nivel t\u00e9cnico, sino tambi\u00e9n a nivel mental en t\u00e9rminos de lectura de juego\u00bb que debe permitirle tener una identidad propia<\/p>\n","protected":false},"excerpt":{"rendered":"<p>El entrenador de la selecci\u00f3n portuguesa, Fernando Santos, asegur\u00f3 que la decisi\u00f3n de liberar a Cristiano Ronaldo de cara al partido amistoso de Italia fue responsabilidad suya y la justific\u00f3 por el cansancio del jugador. Ronaldo fue el gran protagonista del duelo de clasificaci\u00f3n para la Eurocopa jugado en Armenia (2-3) ya que anot\u00f3 los [&hellip;]<\/p>\n","protected":false},"author":3,"featured_media":12310,"comment_status":"open","ping_status":"open","sticky":false,"template":"","format":"standard","meta":{"footnotes":""},"categories":[42],"tags":[],"class_list":["post-12309","post","type-post","status-publish","format-standard","has-post-thumbnail","hentry","category-deportes"],"_links":{"self":[{"href":"https:\/\/2horizontes.com\/index.php?rest_route=\/wp\/v2\/posts\/12309","targetHints":{"allow":["GET"]}}],"collection":[{"href":"https:\/\/2horizontes.com\/index.php?rest_route=\/wp\/v2\/posts"}],"about":[{"href":"https:\/\/2horizontes.com\/index.php?rest_route=\/wp\/v2\/types\/post"}],"author":[{"embeddable":true,"href":"https:\/\/2horizontes.com\/index.php?rest_route=\/wp\/v2\/users\/3"}],"replies":[{"embeddable":true,"href":"https:\/\/2horizontes.com\/index.php?rest_route=%2Fwp%2Fv2%2Fcomments&post=12309"}],"version-history":[{"count":1,"href":"https:\/\/2horizontes.com\/index.php?rest_route=\/wp\/v2\/posts\/12309\/revisions"}],"predecessor-version":[{"id":12311,"href":"https:\/\/2horizontes.com\/index.php?rest_route=\/wp\/v2\/posts\/12309\/revisions\/12311"}],"wp:featuredmedia":[{"embeddable":true,"href":"https:\/\/2horizontes.com\/index.php?rest_route=\/wp\/v2\/media\/12310"}],"wp:attachment":[{"href":"https:\/\/2horizontes.com\/index.php?rest_route=%2Fwp%2Fv2%2Fmedia&parent=12309"}],"wp:term":[{"taxonomy":"category","embeddable":true,"href":"https:\/\/2horizontes.com\/index.php?rest_route=%2Fwp%2Fv2%2Fcategories&post=12309"},{"taxonomy":"post_tag","embeddable":true,"href":"https:\/\/2horizontes.com\/index.php?rest_route=%2Fwp%2Fv2%2Ftags&post=12309"}],"curies":[{"name":"wp","href":"https:\/\/api.w.org\/{rel}","templated":true}]}}