{"id":12298,"date":"2015-06-15T18:09:33","date_gmt":"2015-06-15T17:09:33","guid":{"rendered":"http:\/\/2horizontes.com\/?p=12298"},"modified":"2015-06-15T18:09:33","modified_gmt":"2015-06-15T17:09:33","slug":"el-real-madrid-presenta-su-camiseta-para-la-proxima-temporada","status":"publish","type":"post","link":"https:\/\/2horizontes.com\/?p=12298","title":{"rendered":"El Real Madrid presenta su camiseta para la pr\u00f3xima temporada"},"content":{"rendered":"<p>El Real Madrid ha presentado de forma oficial su nueva camiseta, que vestir\u00e1 como primera equipaci\u00f3n para la pr\u00f3xima temporada 2015\/16.<\/p>\n<p>El dise\u00f1o se caracteriza por el predominio del color blanco, ya que los adornos adoptan un tono plateado m\u00e1s discreto que en las \u00faltimas temporadas.<\/p>\n<p>Ahora, el Real Madrid deber\u00e1 buscar sitio para colocar la ense\u00f1a de campe\u00f3n de la Copa Mundial de Clubes. El portero vestir\u00e1 de negro.<\/p>\n<p>La segunda equipaci\u00f3n ser\u00e1 gris con ribetes verdosos.<\/p>\n","protected":false},"excerpt":{"rendered":"<p>El Real Madrid ha presentado de forma oficial su nueva camiseta, que vestir\u00e1 como primera equipaci\u00f3n para la pr\u00f3xima temporada 2015\/16. El dise\u00f1o se caracteriza por el predominio del color blanco, ya que los adornos adoptan un tono plateado m\u00e1s discreto que en las \u00faltimas temporadas. Ahora, el Real Madrid deber\u00e1 buscar sitio para colocar [&hellip;]<\/p>\n","protected":false},"author":3,"featured_media":12301,"comment_status":"open","ping_status":"open","sticky":false,"template":"","format":"standard","meta":{"footnotes":""},"categories":[42],"tags":[],"class_list":["post-12298","post","type-post","status-publish","format-standard","has-post-thumbnail","hentry","category-deportes"],"_links":{"self":[{"href":"https:\/\/2horizontes.com\/index.php?rest_route=\/wp\/v2\/posts\/12298","targetHints":{"allow":["GET"]}}],"collection":[{"href":"https:\/\/2horizontes.com\/index.php?rest_route=\/wp\/v2\/posts"}],"about":[{"href":"https:\/\/2horizontes.com\/index.php?rest_route=\/wp\/v2\/types\/post"}],"author":[{"embeddable":true,"href":"https:\/\/2horizontes.com\/index.php?rest_route=\/wp\/v2\/users\/3"}],"replies":[{"embeddable":true,"href":"https:\/\/2horizontes.com\/index.php?rest_route=%2Fwp%2Fv2%2Fcomments&post=12298"}],"version-history":[{"count":1,"href":"https:\/\/2horizontes.com\/index.php?rest_route=\/wp\/v2\/posts\/12298\/revisions"}],"predecessor-version":[{"id":12302,"href":"https:\/\/2horizontes.com\/index.php?rest_route=\/wp\/v2\/posts\/12298\/revisions\/12302"}],"wp:featuredmedia":[{"embeddable":true,"href":"https:\/\/2horizontes.com\/index.php?rest_route=\/wp\/v2\/media\/12301"}],"wp:attachment":[{"href":"https:\/\/2horizontes.com\/index.php?rest_route=%2Fwp%2Fv2%2Fmedia&parent=12298"}],"wp:term":[{"taxonomy":"category","embeddable":true,"href":"https:\/\/2horizontes.com\/index.php?rest_route=%2Fwp%2Fv2%2Fcategories&post=12298"},{"taxonomy":"post_tag","embeddable":true,"href":"https:\/\/2horizontes.com\/index.php?rest_route=%2Fwp%2Fv2%2Ftags&post=12298"}],"curies":[{"name":"wp","href":"https:\/\/api.w.org\/{rel}","templated":true}]}}