{"id":12295,"date":"2015-06-15T18:08:19","date_gmt":"2015-06-15T17:08:19","guid":{"rendered":"http:\/\/2horizontes.com\/?p=12295"},"modified":"2015-06-15T18:08:19","modified_gmt":"2015-06-15T17:08:19","slug":"rd-hara-deportaciones-desde-agosto-no-ahora-aclara-el-canciller-navarro","status":"publish","type":"post","link":"https:\/\/2horizontes.com\/?p=12295","title":{"rendered":"RD har\u00e1 deportaciones desde agosto, no ahora, aclara el Canciller Navarro"},"content":{"rendered":"<p>RD SANTO DOMINGO- El gobierno de la Rep\u00fablica Dominicana iniciar\u00e1 las deportaciones de indocumentados en agosto, 45 d\u00edas despu\u00e9s de haber concluido el Plan Nacional de Regularizaci\u00f3n de Extranjeros, aclar\u00f3 Andr\u00e9s Navarro, ministro de Relaciones Exteriores de este pa\u00eds.<\/p>\n<p>Dijo que a los deportados se les har\u00e1n fichas con su informaci\u00f3n biom\u00e9trica para la creaci\u00f3n de una base de datos que la Rep\u00fablica Dominicana entregar\u00e1 a\u00a0las autoridades haitianas.<\/p>\n<p>\u201cEn ese per\u00edodo, a los que llenaron todos los requisitos les ser\u00e1 entregada una documentaci\u00f3n definitiva; \u00a0el resto ser\u00e1 provisto de una identificaci\u00f3n provisional\u201d, explic\u00f3.<\/p>\n<p>Reiter\u00f3 que durante esos 45 d\u00edas no habr\u00e1 deportaciones porque perjudicar\u00edan a los 250 mil o 300 mil indocumentados que se acogieron al Plan, ya que trabajan y est\u00e1n en las calles, lo que los hace susceptibles de ser apresados e injustamente repatriados. \u00a0\u201cPara evitar ese margen de error, que ser\u00eda enorme, un rev\u00e9s que acabar\u00eda con la credibilidad de todo el proceso, las autoridades trabajar\u00e1n durante ese tiempo en la entrega de los documentos oficiales a todos los que se acogieron al Plan\u201d, indic\u00f3.<\/p>\n<p>Inform\u00f3 que, una vez venza ese plazo, comenzar\u00e1 el dispositivo del protocolo de deportaci\u00f3n y que cada caso ser\u00e1 tratado de manera individual.<\/p>\n<p>&nbsp;<\/p>\n","protected":false},"excerpt":{"rendered":"<p>RD SANTO DOMINGO- El gobierno de la Rep\u00fablica Dominicana iniciar\u00e1 las deportaciones de indocumentados en agosto, 45 d\u00edas despu\u00e9s de haber concluido el Plan Nacional de Regularizaci\u00f3n de Extranjeros, aclar\u00f3 Andr\u00e9s Navarro, ministro de Relaciones Exteriores de este pa\u00eds. Dijo que a los deportados se les har\u00e1n fichas con su informaci\u00f3n biom\u00e9trica para la creaci\u00f3n [&hellip;]<\/p>\n","protected":false},"author":8,"featured_media":12299,"comment_status":"open","ping_status":"open","sticky":false,"template":"","format":"standard","meta":{"footnotes":""},"categories":[44],"tags":[],"class_list":["post-12295","post","type-post","status-publish","format-standard","has-post-thumbnail","hentry","category-republica-dominicana"],"_links":{"self":[{"href":"https:\/\/2horizontes.com\/index.php?rest_route=\/wp\/v2\/posts\/12295","targetHints":{"allow":["GET"]}}],"collection":[{"href":"https:\/\/2horizontes.com\/index.php?rest_route=\/wp\/v2\/posts"}],"about":[{"href":"https:\/\/2horizontes.com\/index.php?rest_route=\/wp\/v2\/types\/post"}],"author":[{"embeddable":true,"href":"https:\/\/2horizontes.com\/index.php?rest_route=\/wp\/v2\/users\/8"}],"replies":[{"embeddable":true,"href":"https:\/\/2horizontes.com\/index.php?rest_route=%2Fwp%2Fv2%2Fcomments&post=12295"}],"version-history":[{"count":1,"href":"https:\/\/2horizontes.com\/index.php?rest_route=\/wp\/v2\/posts\/12295\/revisions"}],"predecessor-version":[{"id":12300,"href":"https:\/\/2horizontes.com\/index.php?rest_route=\/wp\/v2\/posts\/12295\/revisions\/12300"}],"wp:featuredmedia":[{"embeddable":true,"href":"https:\/\/2horizontes.com\/index.php?rest_route=\/wp\/v2\/media\/12299"}],"wp:attachment":[{"href":"https:\/\/2horizontes.com\/index.php?rest_route=%2Fwp%2Fv2%2Fmedia&parent=12295"}],"wp:term":[{"taxonomy":"category","embeddable":true,"href":"https:\/\/2horizontes.com\/index.php?rest_route=%2Fwp%2Fv2%2Fcategories&post=12295"},{"taxonomy":"post_tag","embeddable":true,"href":"https:\/\/2horizontes.com\/index.php?rest_route=%2Fwp%2Fv2%2Ftags&post=12295"}],"curies":[{"name":"wp","href":"https:\/\/api.w.org\/{rel}","templated":true}]}}