{"id":12294,"date":"2015-06-15T18:05:39","date_gmt":"2015-06-15T17:05:39","guid":{"rendered":"http:\/\/2horizontes.com\/?p=12294"},"modified":"2015-06-15T18:05:39","modified_gmt":"2015-06-15T17:05:39","slug":"el-guitarrista-de-5-seconds-of-summer-se-quema-la-cara-y-el-pelo-en-pleno-concierto","status":"publish","type":"post","link":"https:\/\/2horizontes.com\/?p=12294","title":{"rendered":"El guitarrista de 5 Seconds Of Summer se quema la cara y el pelo en pleno concierto"},"content":{"rendered":"<p>Uno de los integrantes de 5 Seconds Of Summer ha sufrido quemaduras en la cara y en el pelo en pleno concierto.<\/p>\n<p>Varios ca\u00f1ones expulsaban fuego de forma simult\u00e1nea en mitad del escenario, cuando uno de ellos alcanz\u00f3 a Michael Clifford -cantante y guitarrista-. Las llamas le prendieron el pelo y parte de la cara.<\/p>\n<p>En las im\u00e1genes se ve c\u00f3mo el cantante de 19 a\u00f1os corre aterrorizado hasta que consigue apagar el fuego.<\/p>\n<p>Una vez curado, el propio afectado ha subido im\u00e1genes de las vendas de su cara en las redes sociales, donde ha agradecido el apoyo y la preocupaci\u00f3n por su salud<\/p>\n","protected":false},"excerpt":{"rendered":"<p>Uno de los integrantes de 5 Seconds Of Summer ha sufrido quemaduras en la cara y en el pelo en pleno concierto. Varios ca\u00f1ones expulsaban fuego de forma simult\u00e1nea en mitad del escenario, cuando uno de ellos alcanz\u00f3 a Michael Clifford -cantante y guitarrista-. Las llamas le prendieron el pelo y parte de la cara. [&hellip;]<\/p>\n","protected":false},"author":3,"featured_media":12296,"comment_status":"open","ping_status":"open","sticky":false,"template":"","format":"standard","meta":{"footnotes":""},"categories":[1],"tags":[],"class_list":["post-12294","post","type-post","status-publish","format-standard","has-post-thumbnail","hentry","category-entretenimiento"],"_links":{"self":[{"href":"https:\/\/2horizontes.com\/index.php?rest_route=\/wp\/v2\/posts\/12294","targetHints":{"allow":["GET"]}}],"collection":[{"href":"https:\/\/2horizontes.com\/index.php?rest_route=\/wp\/v2\/posts"}],"about":[{"href":"https:\/\/2horizontes.com\/index.php?rest_route=\/wp\/v2\/types\/post"}],"author":[{"embeddable":true,"href":"https:\/\/2horizontes.com\/index.php?rest_route=\/wp\/v2\/users\/3"}],"replies":[{"embeddable":true,"href":"https:\/\/2horizontes.com\/index.php?rest_route=%2Fwp%2Fv2%2Fcomments&post=12294"}],"version-history":[{"count":1,"href":"https:\/\/2horizontes.com\/index.php?rest_route=\/wp\/v2\/posts\/12294\/revisions"}],"predecessor-version":[{"id":12297,"href":"https:\/\/2horizontes.com\/index.php?rest_route=\/wp\/v2\/posts\/12294\/revisions\/12297"}],"wp:featuredmedia":[{"embeddable":true,"href":"https:\/\/2horizontes.com\/index.php?rest_route=\/wp\/v2\/media\/12296"}],"wp:attachment":[{"href":"https:\/\/2horizontes.com\/index.php?rest_route=%2Fwp%2Fv2%2Fmedia&parent=12294"}],"wp:term":[{"taxonomy":"category","embeddable":true,"href":"https:\/\/2horizontes.com\/index.php?rest_route=%2Fwp%2Fv2%2Fcategories&post=12294"},{"taxonomy":"post_tag","embeddable":true,"href":"https:\/\/2horizontes.com\/index.php?rest_route=%2Fwp%2Fv2%2Ftags&post=12294"}],"curies":[{"name":"wp","href":"https:\/\/api.w.org\/{rel}","templated":true}]}}