{"id":12280,"date":"2015-06-15T17:53:44","date_gmt":"2015-06-15T16:53:44","guid":{"rendered":"http:\/\/2horizontes.com\/?p=12280"},"modified":"2015-06-15T17:53:44","modified_gmt":"2015-06-15T16:53:44","slug":"condenan-a-20-anos-de-prision-a-un-hombre-que-violo-a-3-jovenes-en-sde","status":"publish","type":"post","link":"https:\/\/2horizontes.com\/?p=12280","title":{"rendered":"Condenan a 20 a\u00f1os de prision a un hombre que viol\u00f3 a 3 j\u00f3venes en SDE"},"content":{"rendered":"<p>SANTO DOMINGO.- El Segundo Tribunal Colegiado de la provincia Santo Domingo conden\u00f3 a 20 a\u00f1os de prisi\u00f3n a un hombre que viol\u00f3 a tres j\u00f3venes, entre ellas una de 14 a\u00f1os, en Santo Domingo Este.<\/p>\n<p>Samuel Berig\u00fcete (Samy), de 28 a\u00f1os, comet\u00eda sus fechor\u00edas en compa\u00f1\u00eda de otro hombre y en una jipeta CRV, azul, desde la cual asechaban a sus v\u00edctimas, las obligaba a montarse al veh\u00edculo y las forzaba a tener relaciones sexuales.<\/p>\n<p>Verig\u00fcete, quien deber\u00e1 purgar su pena en la penitencier\u00eda de La Victoria, fue identificado por las tres agraviadas como la persona que las abus\u00f3 en 2013.<\/p>\n<p>Adem\u00e1s del tiempo en la c\u00e1rcel, al violador le fue impuesta una multa de 20 salarios m\u00ednimos.<\/p>\n","protected":false},"excerpt":{"rendered":"<p>SANTO DOMINGO.- El Segundo Tribunal Colegiado de la provincia Santo Domingo conden\u00f3 a 20 a\u00f1os de prisi\u00f3n a un hombre que viol\u00f3 a tres j\u00f3venes, entre ellas una de 14 a\u00f1os, en Santo Domingo Este. Samuel Berig\u00fcete (Samy), de 28 a\u00f1os, comet\u00eda sus fechor\u00edas en compa\u00f1\u00eda de otro hombre y en una jipeta CRV, azul, [&hellip;]<\/p>\n","protected":false},"author":8,"featured_media":11461,"comment_status":"open","ping_status":"open","sticky":false,"template":"","format":"standard","meta":{"footnotes":""},"categories":[44],"tags":[],"class_list":["post-12280","post","type-post","status-publish","format-standard","has-post-thumbnail","hentry","category-republica-dominicana"],"_links":{"self":[{"href":"https:\/\/2horizontes.com\/index.php?rest_route=\/wp\/v2\/posts\/12280","targetHints":{"allow":["GET"]}}],"collection":[{"href":"https:\/\/2horizontes.com\/index.php?rest_route=\/wp\/v2\/posts"}],"about":[{"href":"https:\/\/2horizontes.com\/index.php?rest_route=\/wp\/v2\/types\/post"}],"author":[{"embeddable":true,"href":"https:\/\/2horizontes.com\/index.php?rest_route=\/wp\/v2\/users\/8"}],"replies":[{"embeddable":true,"href":"https:\/\/2horizontes.com\/index.php?rest_route=%2Fwp%2Fv2%2Fcomments&post=12280"}],"version-history":[{"count":1,"href":"https:\/\/2horizontes.com\/index.php?rest_route=\/wp\/v2\/posts\/12280\/revisions"}],"predecessor-version":[{"id":12282,"href":"https:\/\/2horizontes.com\/index.php?rest_route=\/wp\/v2\/posts\/12280\/revisions\/12282"}],"wp:featuredmedia":[{"embeddable":true,"href":"https:\/\/2horizontes.com\/index.php?rest_route=\/wp\/v2\/media\/11461"}],"wp:attachment":[{"href":"https:\/\/2horizontes.com\/index.php?rest_route=%2Fwp%2Fv2%2Fmedia&parent=12280"}],"wp:term":[{"taxonomy":"category","embeddable":true,"href":"https:\/\/2horizontes.com\/index.php?rest_route=%2Fwp%2Fv2%2Fcategories&post=12280"},{"taxonomy":"post_tag","embeddable":true,"href":"https:\/\/2horizontes.com\/index.php?rest_route=%2Fwp%2Fv2%2Ftags&post=12280"}],"curies":[{"name":"wp","href":"https:\/\/api.w.org\/{rel}","templated":true}]}}