{"id":12260,"date":"2015-06-15T17:04:28","date_gmt":"2015-06-15T16:04:28","guid":{"rendered":"http:\/\/2horizontes.com\/?p=12260"},"modified":"2015-06-15T17:04:28","modified_gmt":"2015-06-15T16:04:28","slug":"el-director-de-migracion-recorre-centros-acogida-santo-domingo","status":"publish","type":"post","link":"https:\/\/2horizontes.com\/?p=12260","title":{"rendered":"El director de Migraci\u00f3n recorre centros acogida Santo Domingo"},"content":{"rendered":"<p>RD-SANTO DOMINGO-El director General de Migraci\u00f3n, mayor general (ERD) Rub\u00e9n Dar\u00edo Paulino Sem, realiz\u00f3 un recorrido por los centros de acogida que se usar\u00e1n finalizado el plazo de inscripci\u00f3n en el Plan Nacional de Regularizaci\u00f3n de Extranjeros.<\/p>\n<p>Estos centros se utilizar\u00e1n para la depuraci\u00f3n y evaluaci\u00f3n final de cada uno de los casos que se presenten en el proceso de interdicci\u00f3n de las personas que se encuentran en situaci\u00f3n migratoria irregular en el pa\u00eds, finalizado el plazo para la inscripci\u00f3n en el Plan Nacional de Regularizaci\u00f3n de Extranjeros.<\/p>\n<p>El alto oficial inici\u00f3 el recorrido por el vacacional de Haina, donde instruy\u00f3 para que se agilicen los trabajos y se doten de las herramientas necesarias que aseguren la protecci\u00f3n efectiva de los derechos humanos y el debido proceso legal.<\/p>\n<p>Posteriormente, el mayor general Paulino Sem se traslad\u00f3 a los centros de acogida ubicados en las provincias Independencia, El\u00edas Pi\u00f1a y Dajab\u00f3n, donde convers\u00f3 con los responsables de esos lugares.<\/p>\n","protected":false},"excerpt":{"rendered":"<p>RD-SANTO DOMINGO-El director General de Migraci\u00f3n, mayor general (ERD) Rub\u00e9n Dar\u00edo Paulino Sem, realiz\u00f3 un recorrido por los centros de acogida que se usar\u00e1n finalizado el plazo de inscripci\u00f3n en el Plan Nacional de Regularizaci\u00f3n de Extranjeros. Estos centros se utilizar\u00e1n para la depuraci\u00f3n y evaluaci\u00f3n final de cada uno de los casos que se [&hellip;]<\/p>\n","protected":false},"author":8,"featured_media":12261,"comment_status":"open","ping_status":"open","sticky":false,"template":"","format":"standard","meta":{"footnotes":""},"categories":[44],"tags":[],"class_list":["post-12260","post","type-post","status-publish","format-standard","has-post-thumbnail","hentry","category-republica-dominicana"],"_links":{"self":[{"href":"https:\/\/2horizontes.com\/index.php?rest_route=\/wp\/v2\/posts\/12260","targetHints":{"allow":["GET"]}}],"collection":[{"href":"https:\/\/2horizontes.com\/index.php?rest_route=\/wp\/v2\/posts"}],"about":[{"href":"https:\/\/2horizontes.com\/index.php?rest_route=\/wp\/v2\/types\/post"}],"author":[{"embeddable":true,"href":"https:\/\/2horizontes.com\/index.php?rest_route=\/wp\/v2\/users\/8"}],"replies":[{"embeddable":true,"href":"https:\/\/2horizontes.com\/index.php?rest_route=%2Fwp%2Fv2%2Fcomments&post=12260"}],"version-history":[{"count":1,"href":"https:\/\/2horizontes.com\/index.php?rest_route=\/wp\/v2\/posts\/12260\/revisions"}],"predecessor-version":[{"id":12262,"href":"https:\/\/2horizontes.com\/index.php?rest_route=\/wp\/v2\/posts\/12260\/revisions\/12262"}],"wp:featuredmedia":[{"embeddable":true,"href":"https:\/\/2horizontes.com\/index.php?rest_route=\/wp\/v2\/media\/12261"}],"wp:attachment":[{"href":"https:\/\/2horizontes.com\/index.php?rest_route=%2Fwp%2Fv2%2Fmedia&parent=12260"}],"wp:term":[{"taxonomy":"category","embeddable":true,"href":"https:\/\/2horizontes.com\/index.php?rest_route=%2Fwp%2Fv2%2Fcategories&post=12260"},{"taxonomy":"post_tag","embeddable":true,"href":"https:\/\/2horizontes.com\/index.php?rest_route=%2Fwp%2Fv2%2Ftags&post=12260"}],"curies":[{"name":"wp","href":"https:\/\/api.w.org\/{rel}","templated":true}]}}