{"id":12225,"date":"2015-06-15T14:55:36","date_gmt":"2015-06-15T13:55:36","guid":{"rendered":"http:\/\/2horizontes.com\/?p=12225"},"modified":"2015-06-15T14:55:36","modified_gmt":"2015-06-15T13:55:36","slug":"piden-a-almagro-que-se-pronuncie-sobre-cuba-y-venezuela","status":"publish","type":"post","link":"https:\/\/2horizontes.com\/?p=12225","title":{"rendered":"Piden a Almagro que se pronuncie sobre Cuba y Venezuela"},"content":{"rendered":"<p><span class=\"firstLetter\">E<\/span>l secretario general de la <strong>Organizaci\u00f3n de Estados Americanos, Luis Almagro<\/strong>, recibi\u00f3 hoy peticiones para pronunciarse sobre la situaci\u00f3n en <strong>Cuba y Venezuela <\/strong>en una jornada de di\u00e1logo con la sociedad civil donde tambi\u00e9n hubo un tenso debate sobre la agenda progresista que impuls\u00f3 en Uruguay.<\/p>\n<p>Activistas de los 35 pa\u00edses del continente expresaron hoy sus inquietudes en la v\u00edspera de la <strong>45\u00aa Asamblea General en Washington<\/strong>, un encuentro at\u00edpico que tiene como \u00fanico tema la renovaci\u00f3n del organismo.<\/p>\n<p>La situaci\u00f3n pol\u00edtica en Cuba comunista y la crisis en Venezuela no est\u00e1n<br \/>\nen la agenda oficial del encuentro pero, como se constat\u00f3 hoy, son dos de los temas que m\u00e1s preocupan en el continente y sobre los que la sociedad pide respuestas a la OEA.<\/p>\n<p>Almagro dijo que la organizaci\u00f3n debe \u00abentonar un mea culpa\u00bb por haber excluido a Cuba durante 47 a\u00f1os y prometi\u00f3 que en su mandato intentar\u00e1 resolver las deudas de la instituci\u00f3n en relaci\u00f3n al pa\u00eds caribe\u00f1o, desconociendo precisamente que el r\u00e9gimen de la isla viola flagrantemente la Carta Democr\u00e1tica Interamericana, aprobada el 11 de septiembre de 2001, en sesi\u00f3n especial de la Asamblea de la Organizaci\u00f3n de los Estados Americanos en Lima, Per\u00fa, y que es un instrumento que proclama como objetivo principal el fortalecimiento y preservaci\u00f3n de la institucionalidad democr\u00e1tica, al establecer que la ruptura del orden democr\u00e1tico o su alteraci\u00f3n, que afecte gravemente el orden democr\u00e1tico en un Estado miembro, constituye \u00abun obst\u00e1culo insuperable\u00bb para la participaci\u00f3n de su gobierno en las diversas instancias de la OEA.<\/p>\n<p>\u00abLa OEA debe entonar un mea culpa porque no puede basarse en<br \/>\nning\u00fan tipo de exclusiones y menos de pa\u00edses cuando buscan su camino<br \/>\na trav\u00e9s de su pacto social\u00bb, sostuvo Almagro, tras escuchar las intervenciones de activistas cubanos.<\/p>\n<p>\u00abEn mi pa\u00eds hace casi 70 a\u00f1os que no se celebran elecciones libres y plurales. Quiero preguntarle, \u00bfest\u00e1 usted a favor del derecho a decidir de los cubanos?\u00bb, pregunt\u00f3 a Almagro Rosa Mar\u00eda Pay\u00e1, activista cubana e hija del fallecido disidente cubano Oswaldo Pay\u00e1.<\/p>\n<p>La crisis pol\u00edtica en Venezuela provoc\u00f3 uno de los momentos m\u00e1s tensos de la jornada, cuando la intervenci\u00f3n del viceministro para Am\u00e9rica del Norte del pa\u00eds caribe\u00f1o, Alejandro Fleming, fue interrumpida por un grupo de activistas al grito de \u00absinverg\u00fcenza y libertad\u00bb.<br \/>\n&nbsp;<\/p>\n","protected":false},"excerpt":{"rendered":"<p>El secretario general de la Organizaci\u00f3n de Estados Americanos, Luis Almagro, recibi\u00f3 hoy peticiones para pronunciarse sobre la situaci\u00f3n en Cuba y Venezuela en una jornada de di\u00e1logo con la sociedad civil donde tambi\u00e9n hubo un tenso debate sobre la agenda progresista que impuls\u00f3 en Uruguay. Activistas de los 35 pa\u00edses del continente expresaron hoy [&hellip;]<\/p>\n","protected":false},"author":7,"featured_media":12226,"comment_status":"open","ping_status":"open","sticky":false,"template":"","format":"standard","meta":{"footnotes":""},"categories":[49,40,43,48],"tags":[],"class_list":["post-12225","post","type-post","status-publish","format-standard","has-post-thumbnail","hentry","category-cuba","category-internacionales","category-politica","category-venezuela"],"_links":{"self":[{"href":"https:\/\/2horizontes.com\/index.php?rest_route=\/wp\/v2\/posts\/12225","targetHints":{"allow":["GET"]}}],"collection":[{"href":"https:\/\/2horizontes.com\/index.php?rest_route=\/wp\/v2\/posts"}],"about":[{"href":"https:\/\/2horizontes.com\/index.php?rest_route=\/wp\/v2\/types\/post"}],"author":[{"embeddable":true,"href":"https:\/\/2horizontes.com\/index.php?rest_route=\/wp\/v2\/users\/7"}],"replies":[{"embeddable":true,"href":"https:\/\/2horizontes.com\/index.php?rest_route=%2Fwp%2Fv2%2Fcomments&post=12225"}],"version-history":[{"count":1,"href":"https:\/\/2horizontes.com\/index.php?rest_route=\/wp\/v2\/posts\/12225\/revisions"}],"predecessor-version":[{"id":12227,"href":"https:\/\/2horizontes.com\/index.php?rest_route=\/wp\/v2\/posts\/12225\/revisions\/12227"}],"wp:featuredmedia":[{"embeddable":true,"href":"https:\/\/2horizontes.com\/index.php?rest_route=\/wp\/v2\/media\/12226"}],"wp:attachment":[{"href":"https:\/\/2horizontes.com\/index.php?rest_route=%2Fwp%2Fv2%2Fmedia&parent=12225"}],"wp:term":[{"taxonomy":"category","embeddable":true,"href":"https:\/\/2horizontes.com\/index.php?rest_route=%2Fwp%2Fv2%2Fcategories&post=12225"},{"taxonomy":"post_tag","embeddable":true,"href":"https:\/\/2horizontes.com\/index.php?rest_route=%2Fwp%2Fv2%2Ftags&post=12225"}],"curies":[{"name":"wp","href":"https:\/\/api.w.org\/{rel}","templated":true}]}}