{"id":1221,"date":"2014-06-01T17:19:12","date_gmt":"2014-06-01T17:19:12","guid":{"rendered":"http:\/\/2horizontes.com\/?p=1221"},"modified":"2014-06-01T17:21:51","modified_gmt":"2014-06-01T17:21:51","slug":"presidente-dominicano-llega-a-el-salvador-para-participar-en-toma-de-posesion-del-nuevo-presidente","status":"publish","type":"post","link":"https:\/\/2horizontes.com\/?p=1221","title":{"rendered":"Presidente dominicano llega a El Salvador para participar en toma de posesi\u00f3n del nuevo gobernante"},"content":{"rendered":"<p>El Salvador.- En represe<img loading=\"lazy\" decoding=\"async\" class=\"alignleft size-medium wp-image-1222\" src=\"http:\/\/2horizontes.com\/wp-content\/uploads\/2014\/06\/danilo-300x169.jpg\" alt=\"danilo,,,\" width=\"300\" height=\"169\" srcset=\"https:\/\/2horizontes.com\/wp-content\/uploads\/2014\/06\/danilo-300x169.jpg 300w, https:\/\/2horizontes.com\/wp-content\/uploads\/2014\/06\/danilo.jpg 316w\" sizes=\"auto, (max-width: 300px) 100vw, 300px\" \/>ntaci\u00f3n del Gobierno salvadore\u00f1o recibi\u00f3 al Mandatario dominicano el viceministro de Relaciones Exteriores, Carlos Castaneda.<\/p>\n<p>El presidente Medina tambi\u00e9n fue recibido por el embajador dominicano en\u00a0 El Salvador, V\u00edctor S\u00e1nchez y personal de la embajada dominicana en esta naci\u00f3n centroamericana.<\/p>\n<p>Tan pronto el Jefe de Estado descendi\u00f3 de la aeronave, le fueron rendidos los honores correspondientes a su alta investidura.<\/p>\n<p>Los himnos de El Salvador y de Rep\u00fablica Dominicana fueron interpretados por la banda de m\u00fasica militar de la Fuerza A\u00e9rea Salvadore\u00f1a.<\/p>\n<p>Danilo Medina encabeza una reducida delegaci\u00f3n integrada por ministros Administrativo de la Presidencia, Jos\u00e9 Ram\u00f3n Peralta; de Hacienda, Sim\u00f3n Lizardo M\u00e9zquita y de Interior y Polic\u00eda, Jos\u00e9 Ram\u00f3n Fadul.<\/p>\n<p>Asimismo, el viceministro de Relaciones Exteriores, Jos\u00e9 Manuel Trullols; el superintendente de Seguros, Euclides Guti\u00e9rrez F\u00e9lix; el jefe del Cuerpo de Seguridad Presidencial, mayor general Ad\u00e1n C\u00e1ceres Silvestre y el asistente personal del Mandatario, Carlos Pared P\u00e9rez.<\/p>\n<p>Salvador S\u00e1nchez Cer\u00e9n fue electo el pasado 9 de marzo y su juramentaci\u00f3n est\u00e1 pautada para las ocho y media de la ma\u00f1ana, hora local, de este domingo, durante una sesi\u00f3n solemne de la Asamblea Legislativa, a ser celebrada en el Anfiteatro del Centro Internacional de Ferias y Convenciones (CIFCO).\u00a0 Sustituye en la Presidencia a Mauricio Funes.<\/p>\n<p>Fuente: Panorama Digital.<\/p>\n<p>&nbsp;<\/p>\n","protected":false},"excerpt":{"rendered":"<p>El Salvador.- En representaci\u00f3n del Gobierno salvadore\u00f1o recibi\u00f3 al Mandatario dominicano el viceministro de Relaciones Exteriores, Carlos Castaneda. El presidente Medina tambi\u00e9n fue recibido por el embajador dominicano en\u00a0 El Salvador, V\u00edctor S\u00e1nchez y personal de la embajada dominicana en esta naci\u00f3n centroamericana. Tan pronto el Jefe de Estado descendi\u00f3 de la aeronave, le fueron [&hellip;]<\/p>\n","protected":false},"author":1,"featured_media":0,"comment_status":"open","ping_status":"open","sticky":false,"template":"","format":"standard","meta":{"footnotes":""},"categories":[1],"tags":[],"class_list":["post-1221","post","type-post","status-publish","format-standard","hentry","category-entretenimiento"],"_links":{"self":[{"href":"https:\/\/2horizontes.com\/index.php?rest_route=\/wp\/v2\/posts\/1221","targetHints":{"allow":["GET"]}}],"collection":[{"href":"https:\/\/2horizontes.com\/index.php?rest_route=\/wp\/v2\/posts"}],"about":[{"href":"https:\/\/2horizontes.com\/index.php?rest_route=\/wp\/v2\/types\/post"}],"author":[{"embeddable":true,"href":"https:\/\/2horizontes.com\/index.php?rest_route=\/wp\/v2\/users\/1"}],"replies":[{"embeddable":true,"href":"https:\/\/2horizontes.com\/index.php?rest_route=%2Fwp%2Fv2%2Fcomments&post=1221"}],"version-history":[{"count":2,"href":"https:\/\/2horizontes.com\/index.php?rest_route=\/wp\/v2\/posts\/1221\/revisions"}],"predecessor-version":[{"id":1224,"href":"https:\/\/2horizontes.com\/index.php?rest_route=\/wp\/v2\/posts\/1221\/revisions\/1224"}],"wp:attachment":[{"href":"https:\/\/2horizontes.com\/index.php?rest_route=%2Fwp%2Fv2%2Fmedia&parent=1221"}],"wp:term":[{"taxonomy":"category","embeddable":true,"href":"https:\/\/2horizontes.com\/index.php?rest_route=%2Fwp%2Fv2%2Fcategories&post=1221"},{"taxonomy":"post_tag","embeddable":true,"href":"https:\/\/2horizontes.com\/index.php?rest_route=%2Fwp%2Fv2%2Ftags&post=1221"}],"curies":[{"name":"wp","href":"https:\/\/api.w.org\/{rel}","templated":true}]}}