{"id":12150,"date":"2015-06-13T15:57:53","date_gmt":"2015-06-13T14:57:53","guid":{"rendered":"http:\/\/2horizontes.com\/?p=12150"},"modified":"2015-06-13T15:57:53","modified_gmt":"2015-06-13T14:57:53","slug":"xavi-ataco-a-neymar-por-la-cerveza-y-por-tener-esa-cosa-de-brasileno","status":"publish","type":"post","link":"https:\/\/2horizontes.com\/?p=12150","title":{"rendered":"Xavi atac\u00f3 a Neymar por la cerveza y por tener \u00abesa cosa de brasile\u00f1o\u00bb"},"content":{"rendered":"<p>El ex capit\u00e1n cul\u00e9 revel\u00f3 el motivo del incidente con el brasile\u00f1o en los festejos de la Champions. Y le peg\u00f3 por su forma de jugar: \u00abSe ve como una falta de respeto\u00bb<\/p>\n<p>Atr\u00e1s qued\u00f3 su m\u00edtica etapa en el Barcelona, pero lo cierto es que Xavi Hern\u00e1ndez quedar\u00e1 ligado de por vida al club catal\u00e1n. Han pasado apenas d\u00edas desde su llegada a Qatar, donde ya fue presentado en el Al Sadd, y el ex capit\u00e1n cul\u00e9 ya ha tenido que volver a mencionar a la instituci\u00f3n. Y a una de sus estrellas.<\/p>\n<p>En declaraciones al peri\u00f3dico barcelonista Sport, la leyenda del Barcelona tuvo que explicar su incidente con Neymar durante los festejos por obtener la Liga, la Copa del Rey y la Champions League. En las im\u00e1genes, se ve al espa\u00f1ol muy enojado y pele\u00e1ndose con la joven estrella de Brasil.<\/p>\n<p>\u00abMe estaban intentado quitar los zapatos y empuj\u00e1ndome cuando estaba subido al borde del autob\u00fas. Yo les dije que dejaran de hacer tonter\u00edas y que estuvieran por la gente. Est\u00e1 bien llevar tres o cuatro cervezas, pero la r\u00faa es para la gente y para darles las gracias\u00bb, afirm\u00f3 el ex futbolista azulgrana.<\/p>\n","protected":false},"excerpt":{"rendered":"<p>El ex capit\u00e1n cul\u00e9 revel\u00f3 el motivo del incidente con el brasile\u00f1o en los festejos de la Champions. Y le peg\u00f3 por su forma de jugar: \u00abSe ve como una falta de respeto\u00bb Atr\u00e1s qued\u00f3 su m\u00edtica etapa en el Barcelona, pero lo cierto es que Xavi Hern\u00e1ndez quedar\u00e1 ligado de por vida al club [&hellip;]<\/p>\n","protected":false},"author":3,"featured_media":12151,"comment_status":"open","ping_status":"open","sticky":false,"template":"","format":"standard","meta":{"footnotes":""},"categories":[42],"tags":[],"class_list":["post-12150","post","type-post","status-publish","format-standard","has-post-thumbnail","hentry","category-deportes"],"_links":{"self":[{"href":"https:\/\/2horizontes.com\/index.php?rest_route=\/wp\/v2\/posts\/12150","targetHints":{"allow":["GET"]}}],"collection":[{"href":"https:\/\/2horizontes.com\/index.php?rest_route=\/wp\/v2\/posts"}],"about":[{"href":"https:\/\/2horizontes.com\/index.php?rest_route=\/wp\/v2\/types\/post"}],"author":[{"embeddable":true,"href":"https:\/\/2horizontes.com\/index.php?rest_route=\/wp\/v2\/users\/3"}],"replies":[{"embeddable":true,"href":"https:\/\/2horizontes.com\/index.php?rest_route=%2Fwp%2Fv2%2Fcomments&post=12150"}],"version-history":[{"count":1,"href":"https:\/\/2horizontes.com\/index.php?rest_route=\/wp\/v2\/posts\/12150\/revisions"}],"predecessor-version":[{"id":12152,"href":"https:\/\/2horizontes.com\/index.php?rest_route=\/wp\/v2\/posts\/12150\/revisions\/12152"}],"wp:featuredmedia":[{"embeddable":true,"href":"https:\/\/2horizontes.com\/index.php?rest_route=\/wp\/v2\/media\/12151"}],"wp:attachment":[{"href":"https:\/\/2horizontes.com\/index.php?rest_route=%2Fwp%2Fv2%2Fmedia&parent=12150"}],"wp:term":[{"taxonomy":"category","embeddable":true,"href":"https:\/\/2horizontes.com\/index.php?rest_route=%2Fwp%2Fv2%2Fcategories&post=12150"},{"taxonomy":"post_tag","embeddable":true,"href":"https:\/\/2horizontes.com\/index.php?rest_route=%2Fwp%2Fv2%2Ftags&post=12150"}],"curies":[{"name":"wp","href":"https:\/\/api.w.org\/{rel}","templated":true}]}}