{"id":12140,"date":"2015-06-13T15:10:21","date_gmt":"2015-06-13T14:10:21","guid":{"rendered":"http:\/\/2horizontes.com\/?p=12140"},"modified":"2015-06-13T15:10:21","modified_gmt":"2015-06-13T14:10:21","slug":"tras-pelea-con-haash-belinda-envia-mensaje-a-sus-fans","status":"publish","type":"post","link":"https:\/\/2horizontes.com\/?p=12140","title":{"rendered":"Tras pelea con Ha*Ash, Belinda env\u00eda mensaje a sus fans"},"content":{"rendered":"<p>Hace unos d\u00edas Belinda protagoniz\u00f3 un enfrentamiento con Ha*Ash durante su participaci\u00f3n en el programa Me pongo de pie, porque las hermanas se\u00f1alaron que su equipo no escuchaba la m\u00fasica de Peregr\u00edn y a dicha cantante \u00a0se le hiciera un comentario irrespetuoso, lo que provoc\u00f3 cierta incomodidad entre las int\u00e9rpretes y algunos fans.<\/p>\n<p>Despu\u00e9s Ha*Ash asegur\u00f3 que lo importante no eran \u00ablos egos de alguien, sino el sue\u00f1o de los participantes\u00bb, un mensaje que de cierta forma agred\u00eda a la int\u00e9rprete \u00abBoba ni\u00f1a nice\u00bb, por lo que Belinda agradeci\u00f3 el apoyo de sus fans, afirmando que justo son ellos los que la hacen seguir adelante.<\/p>\n<p>\u00ab#Belifans y los que no lo son pero simplemente me siguen y respetan mi trabajo, quiero darles las gracias por el apoyo incondicional, ha sido un camino muy dif\u00edcil para m\u00ed, con altas y bajas a punto de dejar todo y abandonar mi sue\u00f1o&#8230; Pero siempre que pienso en ustedes me dan la fuerza y el amor para seguir luchando, para seguir creyendo en m\u00ed, el mundo es tan cruel y hay tan pocas personas reales&#8230; Todos juzgan sin saber, sin conocer y la envidia es una energ\u00eda muy baja, que desgasta y denota una gran admiraci\u00f3n disfrazada de inseguridad\u00bb, coment\u00f3.<\/p>\n<p>Y agreg\u00f3: \u00abHace mucho que no me sent\u00eda tan agredida bueno \u00a1mentira! Muchas veces me he sentido as\u00ed, pero \u00a1as\u00ed es la vida! Cuando menos lo esperamos, nos coloca delante un desaf\u00edo que pone a prueba nuestro coraje y nuestra voluntad de cambio. Con respeto y admiraci\u00f3n a todos y cada uno de ustedes les doy las gracias incluyendo a los que se toman un minuto de su tiempo para insultarme o tratar de hacerme da\u00f1o\u00bb.<\/p>\n","protected":false},"excerpt":{"rendered":"<p>Hace unos d\u00edas Belinda protagoniz\u00f3 un enfrentamiento con Ha*Ash durante su participaci\u00f3n en el programa Me pongo de pie, porque las hermanas se\u00f1alaron que su equipo no escuchaba la m\u00fasica de Peregr\u00edn y a dicha cantante \u00a0se le hiciera un comentario irrespetuoso, lo que provoc\u00f3 cierta incomodidad entre las int\u00e9rpretes y algunos fans. Despu\u00e9s Ha*Ash [&hellip;]<\/p>\n","protected":false},"author":3,"featured_media":12141,"comment_status":"open","ping_status":"open","sticky":false,"template":"","format":"standard","meta":{"footnotes":""},"categories":[1],"tags":[],"class_list":["post-12140","post","type-post","status-publish","format-standard","has-post-thumbnail","hentry","category-entretenimiento"],"_links":{"self":[{"href":"https:\/\/2horizontes.com\/index.php?rest_route=\/wp\/v2\/posts\/12140","targetHints":{"allow":["GET"]}}],"collection":[{"href":"https:\/\/2horizontes.com\/index.php?rest_route=\/wp\/v2\/posts"}],"about":[{"href":"https:\/\/2horizontes.com\/index.php?rest_route=\/wp\/v2\/types\/post"}],"author":[{"embeddable":true,"href":"https:\/\/2horizontes.com\/index.php?rest_route=\/wp\/v2\/users\/3"}],"replies":[{"embeddable":true,"href":"https:\/\/2horizontes.com\/index.php?rest_route=%2Fwp%2Fv2%2Fcomments&post=12140"}],"version-history":[{"count":1,"href":"https:\/\/2horizontes.com\/index.php?rest_route=\/wp\/v2\/posts\/12140\/revisions"}],"predecessor-version":[{"id":12142,"href":"https:\/\/2horizontes.com\/index.php?rest_route=\/wp\/v2\/posts\/12140\/revisions\/12142"}],"wp:featuredmedia":[{"embeddable":true,"href":"https:\/\/2horizontes.com\/index.php?rest_route=\/wp\/v2\/media\/12141"}],"wp:attachment":[{"href":"https:\/\/2horizontes.com\/index.php?rest_route=%2Fwp%2Fv2%2Fmedia&parent=12140"}],"wp:term":[{"taxonomy":"category","embeddable":true,"href":"https:\/\/2horizontes.com\/index.php?rest_route=%2Fwp%2Fv2%2Fcategories&post=12140"},{"taxonomy":"post_tag","embeddable":true,"href":"https:\/\/2horizontes.com\/index.php?rest_route=%2Fwp%2Fv2%2Ftags&post=12140"}],"curies":[{"name":"wp","href":"https:\/\/api.w.org\/{rel}","templated":true}]}}