{"id":12124,"date":"2015-06-13T14:20:28","date_gmt":"2015-06-13T13:20:28","guid":{"rendered":"http:\/\/2horizontes.com\/?p=12124"},"modified":"2015-06-13T14:20:28","modified_gmt":"2015-06-13T13:20:28","slug":"comandancia-policial-de-san-cristobal-pone-en-funcionamiento-salon-multiuso-y-programa-policia-de-proximidad","status":"publish","type":"post","link":"https:\/\/2horizontes.com\/?p=12124","title":{"rendered":"COMANDANCIA POLICIAL DE SAN CRISTOBAL PONE EN FUNCIONAMIENTO SALON MULTIUSO Y PROGRAMA POLICIA DE PROXIMIDAD"},"content":{"rendered":"<p>San Crist\u00f3bal, R.D.-.- El pasado viernes quedo \u00a0formalmente inaugurado el sal\u00f3n multiuso de la comandancia local de la provincia San Cristobal, en el acto estuvieron diferentes personalidades tanto de esa provincia sure\u00f1a y de \u00a0otras \u00a0como fue \u00a0la presencia de los generales Juana Campusano y Ney Bautista , as\u00ed como tambi\u00e9n\u00a0 del gobernador\u00a0provincial Julio C\u00e9sar D\u00edaz, fue\u00a0 entregado un moderno\u00a0 sal\u00f3n multiuso\u00a0y\u00a0 puesto en marcha el programa Polic\u00eda\u00a0 de Proximidad.<\/p>\n<p>El ex comandante del Departamento de San Crist\u00f3bal\u00a0 y\u00a0 quien\u00a0 fuera designado como encargado de la Direcci\u00f3n de \u00c9tica Policial\u00a0F\u00e9lix Dur\u00e1n\u00a0agradeci\u00f3\u00a0 al jefe\u00a0 de la instituci\u00f3n mayor general Manuel Elpidio Castro Castillo , a\u00a0 la\u00a0 general Juan Campusano ,al gobernador Julio C\u00e9sar D\u00edaz, a los directivos\u00a0 de la C\u00e1mara\u00a0 de\u00a0 Comercio, a las iglesias, juntas\u00a0 de vecinos\u00a0 y\u00a0 dem\u00e1s instituciones por el respaldo que le han\u00a0 brindaron para mantener la paz p\u00fablica en esta ciudad.<\/p>\n<p>Precis\u00f3\u00a0 que\u00a0 el\u00a0 sal\u00f3n multiuso ser\u00e1 un espacio para la educaci\u00f3n y la actualizaci\u00f3n de los\u00a0 agentes policiales a los\u00a0 fines\u00a0 de que a trav\u00e9s\u00a0 de la capacitaci\u00f3n puedan realizar un mejor y\u00a0 m\u00e1s productivo trabajo.<\/p>\n<p>Se\u00f1al\u00f3 que la\u00a0 Polic\u00eda de Proximidad surge con\u00a0 el prop\u00f3sito\u00a0 de\u00a0 mejorar\u00a0 la\u00a0 calidad de\u00a0\u00a0 vida\u00a0 de las comunidades, a partir de la integraci\u00f3n plena, enfrentando con eficiencia y oportunidad las problem\u00e1ticas sociales y\u00a0 de seguridad, afectan nuestras comunidades.<\/p>\n<p>La misi\u00f3n\u00a0 es brindar\u00a0 eficacia y efectividad en la gesti\u00f3n policial; colaborar con la mejor\u00eda de la calidad de vida de las comunidades; servir de canal entre las comunidades\u00a0 y las instituciones de servicio.<\/p>\n<p>En la actividad estuvieron presentes el presidente de la C\u00e1mara de Comercio ,Emmanuel Dionicio Ram\u00edrez; el Director Regional del Instituto Nacional de Educaci\u00f3n F\u00edsica, licenciado Wilson D\u00edaz, el se\u00f1or Santo Abad, presidente de la Uni\u00f3n General de Juntas de Vecinos ; el doctor Pablo Est\u00e9vez, del\u00a0 Falpo; el\u00a0 comunicador\u00a0 Elvis P\u00e9rez, presidente del Club Domingo Savio de Canastica; el procurador Faustino Pulinario y el ex \u2013presidente\u00a0 de la C\u00e1mara de Comercio\u00a0 Leslie\u00a0 De Le\u00f3n, entre\u00a0 otros\u00a0 dirigentes de la sociedad civil.<\/p>\n","protected":false},"excerpt":{"rendered":"<p>San Crist\u00f3bal, R.D.-.- El pasado viernes quedo \u00a0formalmente inaugurado el sal\u00f3n multiuso de la comandancia local de la provincia San Cristobal, en el acto estuvieron diferentes personalidades tanto de esa provincia sure\u00f1a y de \u00a0otras \u00a0como fue \u00a0la presencia de los generales Juana Campusano y Ney Bautista , as\u00ed como tambi\u00e9n\u00a0 del gobernador\u00a0provincial Julio C\u00e9sar [&hellip;]<\/p>\n","protected":false},"author":9,"featured_media":12126,"comment_status":"open","ping_status":"open","sticky":false,"template":"","format":"standard","meta":{"footnotes":""},"categories":[53],"tags":[],"class_list":["post-12124","post","type-post","status-publish","format-standard","has-post-thumbnail","hentry","category-provincias"],"_links":{"self":[{"href":"https:\/\/2horizontes.com\/index.php?rest_route=\/wp\/v2\/posts\/12124","targetHints":{"allow":["GET"]}}],"collection":[{"href":"https:\/\/2horizontes.com\/index.php?rest_route=\/wp\/v2\/posts"}],"about":[{"href":"https:\/\/2horizontes.com\/index.php?rest_route=\/wp\/v2\/types\/post"}],"author":[{"embeddable":true,"href":"https:\/\/2horizontes.com\/index.php?rest_route=\/wp\/v2\/users\/9"}],"replies":[{"embeddable":true,"href":"https:\/\/2horizontes.com\/index.php?rest_route=%2Fwp%2Fv2%2Fcomments&post=12124"}],"version-history":[{"count":1,"href":"https:\/\/2horizontes.com\/index.php?rest_route=\/wp\/v2\/posts\/12124\/revisions"}],"predecessor-version":[{"id":12127,"href":"https:\/\/2horizontes.com\/index.php?rest_route=\/wp\/v2\/posts\/12124\/revisions\/12127"}],"wp:featuredmedia":[{"embeddable":true,"href":"https:\/\/2horizontes.com\/index.php?rest_route=\/wp\/v2\/media\/12126"}],"wp:attachment":[{"href":"https:\/\/2horizontes.com\/index.php?rest_route=%2Fwp%2Fv2%2Fmedia&parent=12124"}],"wp:term":[{"taxonomy":"category","embeddable":true,"href":"https:\/\/2horizontes.com\/index.php?rest_route=%2Fwp%2Fv2%2Fcategories&post=12124"},{"taxonomy":"post_tag","embeddable":true,"href":"https:\/\/2horizontes.com\/index.php?rest_route=%2Fwp%2Fv2%2Ftags&post=12124"}],"curies":[{"name":"wp","href":"https:\/\/api.w.org\/{rel}","templated":true}]}}