{"id":12099,"date":"2015-06-13T13:23:22","date_gmt":"2015-06-13T12:23:22","guid":{"rendered":"http:\/\/2horizontes.com\/?p=12099"},"modified":"2015-06-13T13:23:22","modified_gmt":"2015-06-13T12:23:22","slug":"las-farc-asesinaron-a-teniente-coronel-en-colombia","status":"publish","type":"post","link":"https:\/\/2horizontes.com\/?p=12099","title":{"rendered":"Las FARC asesinaron a teniente coronel en Colombia"},"content":{"rendered":"<div>El proceso de paz del Gobierno colombiano con las FARC fue puesto nuevamente a prueba este viernes por el atentado con explosivos atribuido a esa guerrilla <b>que le cost\u00f3 la vida a un teniente coronel de la Polic\u00eda, un patrullero y un civil <\/b>en el suroeste del pa\u00eds, cerca de la frontera con Ecuador.<\/div>\n<div><\/div>\n<div>En el atentado, que seg\u00fan las autoridades fue cometido por guerrilleros del frente 48 de las Fuerzas Armadas Revolucionarias de Colombia (FARC) en una carretera entre los municipios de C\u00f3rdoba e Ipiales, en el departamento de Nari\u00f1o,<b> murieron el comandante de la Polic\u00eda de esta \u00faltima localidad, el teniente coronel Alfredo Ruiz Clavijo; el patrullero Juan David Marmolejo Garc\u00eda y un civil<\/b>.<\/div>\n<div><\/div>\n<div><b>Este ataque, uno de los m\u00e1s graves sufridos por la Polic\u00eda desde que se iniciaron los di\u00e1logos de paz con las FARC<\/b>, en noviembre de 2012 en Cuba, se produce en medio de una ofensiva terrorista de esa guerrilla que aumenta d\u00eda tras d\u00eda y justo cuando <b>el presidente Juan Manuel Santos est\u00e1 fuera del pa\u00eds<\/b>, de gira por Europa, recabando apoyo internacional para una soluci\u00f3n negociada al conflicto.<\/div>\n<div><\/div>\n<div>El repudio nacional causado por el atentado contra el teniente coronel Ruiz aumenta a medida que se conocen detalles de lo ocurrido, como que <b>el oficial y el patrullero que estaba con \u00e9l fueron rematados con tiros de gracia<\/b>, seg\u00fan revel\u00f3 el director de la Polic\u00eda, general Rodolfo Palomino.<\/div>\n<div><\/div>\n<div><\/div>\n<div>\u00abDe acuerdo con lo que hemos podido conocer de la informaci\u00f3n de un polic\u00eda sobreviviente <b>de este cruel y cobarde atentado<\/b>, el se\u00f1or teniente coronel y el patrullero asesinado fueron ultimados por tiros de gracia\u00bb, afirm\u00f3 Palomino en declaraciones a periodistas en Bogot\u00e1.<\/div>\n<div><\/div>\n<div><b>El teniente coronel asesinado, de 49 a\u00f1os de edad, 30 de ellos en la Polic\u00eda<\/b>, regresaba a Ipiales, el principal puesto fronterizo de Colombia con Ecuador, despu\u00e9s de encabezar un consejo de seguridad en la cercana localidad de Puerres.<\/div>\n<div><\/div>\n<div>Las reacciones no se han hecho esperar y <b>uno de los primeros en condenar el ataque fue el ex presidente y senador \u00c1lvaro Uribe<\/b>, cr\u00edtico de la manera como se desarrollan los di\u00e1logos en Cuba, quien de inmediato propuso que se suspendan las negociaciones de paz.<\/div>\n","protected":false},"excerpt":{"rendered":"<p>El proceso de paz del Gobierno colombiano con las FARC fue puesto nuevamente a prueba este viernes por el atentado con explosivos atribuido a esa guerrilla que le cost\u00f3 la vida a un teniente coronel de la Polic\u00eda, un patrullero y un civil en el suroeste del pa\u00eds, cerca de la frontera con Ecuador. En [&hellip;]<\/p>\n","protected":false},"author":7,"featured_media":12101,"comment_status":"open","ping_status":"open","sticky":false,"template":"","format":"standard","meta":{"footnotes":""},"categories":[50,40],"tags":[],"class_list":["post-12099","post","type-post","status-publish","format-standard","has-post-thumbnail","hentry","category-colombia","category-internacionales"],"_links":{"self":[{"href":"https:\/\/2horizontes.com\/index.php?rest_route=\/wp\/v2\/posts\/12099","targetHints":{"allow":["GET"]}}],"collection":[{"href":"https:\/\/2horizontes.com\/index.php?rest_route=\/wp\/v2\/posts"}],"about":[{"href":"https:\/\/2horizontes.com\/index.php?rest_route=\/wp\/v2\/types\/post"}],"author":[{"embeddable":true,"href":"https:\/\/2horizontes.com\/index.php?rest_route=\/wp\/v2\/users\/7"}],"replies":[{"embeddable":true,"href":"https:\/\/2horizontes.com\/index.php?rest_route=%2Fwp%2Fv2%2Fcomments&post=12099"}],"version-history":[{"count":1,"href":"https:\/\/2horizontes.com\/index.php?rest_route=\/wp\/v2\/posts\/12099\/revisions"}],"predecessor-version":[{"id":12102,"href":"https:\/\/2horizontes.com\/index.php?rest_route=\/wp\/v2\/posts\/12099\/revisions\/12102"}],"wp:featuredmedia":[{"embeddable":true,"href":"https:\/\/2horizontes.com\/index.php?rest_route=\/wp\/v2\/media\/12101"}],"wp:attachment":[{"href":"https:\/\/2horizontes.com\/index.php?rest_route=%2Fwp%2Fv2%2Fmedia&parent=12099"}],"wp:term":[{"taxonomy":"category","embeddable":true,"href":"https:\/\/2horizontes.com\/index.php?rest_route=%2Fwp%2Fv2%2Fcategories&post=12099"},{"taxonomy":"post_tag","embeddable":true,"href":"https:\/\/2horizontes.com\/index.php?rest_route=%2Fwp%2Fv2%2Ftags&post=12099"}],"curies":[{"name":"wp","href":"https:\/\/api.w.org\/{rel}","templated":true}]}}