{"id":12096,"date":"2015-06-13T13:17:48","date_gmt":"2015-06-13T12:17:48","guid":{"rendered":"http:\/\/2horizontes.com\/?p=12096"},"modified":"2015-06-13T13:17:48","modified_gmt":"2015-06-13T12:17:48","slug":"haiti-sera-la-anfitriona-de-la-xii-edicion-de-carifiesta","status":"publish","type":"post","link":"https:\/\/2horizontes.com\/?p=12096","title":{"rendered":"Hait\u00ed ser\u00e1 la anfitriona de la XII edici\u00f3n de Carifiesta"},"content":{"rendered":"<div id=\"ArticleAuthorDiv\" class=\"article-body-author\"><b>EFE<\/b><\/div>\n<div id=\"ArticleSourceDiv\" class=\"article-body-author\"><b>San Juan<\/b><\/div>\n<div id=\"ArticleBody\">\n<p>Hait\u00ed ser\u00e1 la anfitriona de la duod\u00e9cima edici\u00f3n del Festival de Artes del Caribe (Carifiesta), el principal evento cultural que organiza peri\u00f3dicamente la Comunidad del Caribe (Caricom) y que este a\u00f1o tendr\u00e1 lugar entre el 21 y el 30 de agosto.<\/p>\n<p>En un escueto comunicado difundido hoy, Caricom detall\u00f3 que Carifiesta es una actividad \u00abmultidisciplinaria\u00bb que demuestra las expresiones culturales de unos 30 territorios del Caribe y convoc\u00f3 a los interesados a someter propuestas para la pr\u00f3xima edici\u00f3n.<\/p>\n<p>Carifiesta fue organizada por primera vez en 1972 por Caricom como una exposici\u00f3n art\u00edstica para fomentar la visi\u00f3n de un Caribe unido\u00bb en aras de promover \u00abpositivamente\u00bb la cultura de la regi\u00f3n a nivel internacional.<\/p>\n<p>La d\u00e9cima edici\u00f3n de Carifiesta se celebr\u00f3 en Guyana en 2008 y la und\u00e9cima en Surinam, en 2013.<\/p>\n<p>Caricom est\u00e1 integrada por Antigua y Barbuda, Bahamas, Barbados, Belice, Dominica, Granada, Guyana, Hait\u00ed, Jamaica, Montserrat, Santa Luc\u00eda, San Crist\u00f3bal y Nieves, San Vicente y Granadinas, Surinam y Trinidad y Tobago.<\/p>\n<\/div>\n","protected":false},"excerpt":{"rendered":"<p>EFE San Juan Hait\u00ed ser\u00e1 la anfitriona de la duod\u00e9cima edici\u00f3n del Festival de Artes del Caribe (Carifiesta), el principal evento cultural que organiza peri\u00f3dicamente la Comunidad del Caribe (Caricom) y que este a\u00f1o tendr\u00e1 lugar entre el 21 y el 30 de agosto. En un escueto comunicado difundido hoy, Caricom detall\u00f3 que Carifiesta es [&hellip;]<\/p>\n","protected":false},"author":7,"featured_media":12097,"comment_status":"open","ping_status":"open","sticky":false,"template":"","format":"standard","meta":{"footnotes":""},"categories":[47,40],"tags":[],"class_list":["post-12096","post","type-post","status-publish","format-standard","has-post-thumbnail","hentry","category-haiti","category-internacionales"],"_links":{"self":[{"href":"https:\/\/2horizontes.com\/index.php?rest_route=\/wp\/v2\/posts\/12096","targetHints":{"allow":["GET"]}}],"collection":[{"href":"https:\/\/2horizontes.com\/index.php?rest_route=\/wp\/v2\/posts"}],"about":[{"href":"https:\/\/2horizontes.com\/index.php?rest_route=\/wp\/v2\/types\/post"}],"author":[{"embeddable":true,"href":"https:\/\/2horizontes.com\/index.php?rest_route=\/wp\/v2\/users\/7"}],"replies":[{"embeddable":true,"href":"https:\/\/2horizontes.com\/index.php?rest_route=%2Fwp%2Fv2%2Fcomments&post=12096"}],"version-history":[{"count":1,"href":"https:\/\/2horizontes.com\/index.php?rest_route=\/wp\/v2\/posts\/12096\/revisions"}],"predecessor-version":[{"id":12098,"href":"https:\/\/2horizontes.com\/index.php?rest_route=\/wp\/v2\/posts\/12096\/revisions\/12098"}],"wp:featuredmedia":[{"embeddable":true,"href":"https:\/\/2horizontes.com\/index.php?rest_route=\/wp\/v2\/media\/12097"}],"wp:attachment":[{"href":"https:\/\/2horizontes.com\/index.php?rest_route=%2Fwp%2Fv2%2Fmedia&parent=12096"}],"wp:term":[{"taxonomy":"category","embeddable":true,"href":"https:\/\/2horizontes.com\/index.php?rest_route=%2Fwp%2Fv2%2Fcategories&post=12096"},{"taxonomy":"post_tag","embeddable":true,"href":"https:\/\/2horizontes.com\/index.php?rest_route=%2Fwp%2Fv2%2Ftags&post=12096"}],"curies":[{"name":"wp","href":"https:\/\/api.w.org\/{rel}","templated":true}]}}