{"id":12092,"date":"2015-06-13T13:13:54","date_gmt":"2015-06-13T12:13:54","guid":{"rendered":"http:\/\/2horizontes.com\/?p=12092"},"modified":"2015-06-13T13:13:54","modified_gmt":"2015-06-13T12:13:54","slug":"john-kerry-sale-del-hospital-despues-de-doce-dias-ingresado","status":"publish","type":"post","link":"https:\/\/2horizontes.com\/?p=12092","title":{"rendered":"John Kerry sale del hospital despu\u00e9s de doce d\u00edas ingresado"},"content":{"rendered":"<div id=\"ArticleAuthorDiv\" class=\"article-body-author\"><b>EFE<\/b><\/div>\n<div id=\"ArticleSourceDiv\" class=\"article-body-author\"><b>Washington<\/b><\/div>\n<div id=\"ArticleBody\">\n<p>El secretario de Estado de EE.UU., John Kerry, sali\u00f3 del hospital de Boston (Massachusetts) en el que llevaba ingresado desde hace doce d\u00edas para recuperarse de una ruptura de f\u00e9mur que sufri\u00f3 durante un accidente de bicicleta.<\/p>\n<p>\u00abEs realmente maravilloso solo el hecho de salir, ver el verano\u00bb, afirm\u00f3 Kerry a la puerta del hospital apoyado en muletas, y se\u00f1al\u00f3 que deseaba pasar el fin de semana con su mujer y su perro en casa.<\/p>\n<p>Indic\u00f3, adem\u00e1s, que hab\u00eda estado en contacto con el presidente de EE.UU., Barack Obama, en los \u00faltimos d\u00edas, y que regresar\u00eda la pr\u00f3xima semana al trabajo en Washington.<\/p>\n<p>Por su parte, el doctor Dennis Burke asegur\u00f3 en un comunicado que el secretario de Estado est\u00e1 \u00abtrabajando duro en la terapia de rehabilitaci\u00f3n para lograr una recuperaci\u00f3n completa, que esperamos que ocurra en varios meses\u00bb.<\/p>\n<p>Kerry se rompi\u00f3 el f\u00e9mur el pasado 31 de mayo en Suiza, cuando el jefe de la diplomacia estadounidense, un ciclista aficionado, se cay\u00f3 al poco de iniciar un paseo en bicicleta durante unas horas libres dentro de un viaje oficial centrado en las negociaciones nucleares con Ir\u00e1n, seg\u00fan la explicaci\u00f3n del Departamento de Estado.<\/p>\n<p>El jefe de la diplomacia estadounidense se traslad\u00f3 entonces a Ginebra para tratarse y al d\u00eda siguiente viaj\u00f3 en un avi\u00f3n medicalizado hasta Boston, donde el 2 de junio se someti\u00f3 a una operaci\u00f3n quir\u00fargica dirigida por su especialista de confianza.<\/p>\n<p>Desde entonces, Kerry ha permanecido ingresado en el hospital de Boston y el Departamento de Estado no ha proporcionado una fecha fija para su regreso a Washington y la reanudaci\u00f3n de su agenda oficial.<\/p>\n<p>No obstante, el secretario de Estado ha combinado la terapia f\u00edsica para recuperarse de la operaci\u00f3n con llamadas diarias con distintos miembros de su equipo y funcionarios del Gobierno, sobre temas clave como las negociaciones nucleares con Ir\u00e1n o el proceso de normalizaci\u00f3n de relaciones diplom\u00e1ticas con Cuba.<\/p>\n<p>Este martes, Kerry public\u00f3 en su cuenta oficial de Twitter una foto en la que aparece hablando por tel\u00e9fono en el hospital de Boston, con la pierna derecha reposando sobre una almohada.<\/p>\n<p>Un funcionario estadounidense asegur\u00f3 esta semana, adem\u00e1s, que la lesi\u00f3n de Kerry no le impedir\u00e1 unirse cuando se le necesite a las conversaciones en Viena entre Ir\u00e1n y el Grupo 5+1 (Estados Unidos, Francia, China, el Reino Unido y Rusia, m\u00e1s Alemania), que deben alcanzar un pacto definitivo antes del pr\u00f3ximo 30 de junio.<\/p>\n<p>La decisi\u00f3n sobre cu\u00e1ndo se unir\u00e1 Kerry a las conversaciones \u00abno tendr\u00e1 que ver con su lesi\u00f3n, sino que estar\u00e1 motivada por si tiene sentido y cu\u00e1ndo tiene sentido\u00bb elevar el di\u00e1logo a su nivel, seg\u00fan garantiz\u00f3 el funcionario, que pidi\u00f3 el anonimato.<\/p>\n<p>El accidente de Kerry en Suiza le oblig\u00f3 a anular su visita a Francia y a Espa\u00f1a, donde ten\u00eda programadas reuniones con el rey Felipe VI, con el presidente del Gobierno, Mariano Rajoy, y con el ministro de Asuntos Exteriores espa\u00f1ol, Jos\u00e9 Manuel Garc\u00eda Margallo.<\/p>\n<\/div>\n","protected":false},"excerpt":{"rendered":"<p>EFE Washington El secretario de Estado de EE.UU., John Kerry, sali\u00f3 del hospital de Boston (Massachusetts) en el que llevaba ingresado desde hace doce d\u00edas para recuperarse de una ruptura de f\u00e9mur que sufri\u00f3 durante un accidente de bicicleta. \u00abEs realmente maravilloso solo el hecho de salir, ver el verano\u00bb, afirm\u00f3 Kerry a la puerta [&hellip;]<\/p>\n","protected":false},"author":7,"featured_media":12093,"comment_status":"open","ping_status":"open","sticky":false,"template":"","format":"standard","meta":{"footnotes":""},"categories":[40,43],"tags":[],"class_list":["post-12092","post","type-post","status-publish","format-standard","has-post-thumbnail","hentry","category-internacionales","category-politica"],"_links":{"self":[{"href":"https:\/\/2horizontes.com\/index.php?rest_route=\/wp\/v2\/posts\/12092","targetHints":{"allow":["GET"]}}],"collection":[{"href":"https:\/\/2horizontes.com\/index.php?rest_route=\/wp\/v2\/posts"}],"about":[{"href":"https:\/\/2horizontes.com\/index.php?rest_route=\/wp\/v2\/types\/post"}],"author":[{"embeddable":true,"href":"https:\/\/2horizontes.com\/index.php?rest_route=\/wp\/v2\/users\/7"}],"replies":[{"embeddable":true,"href":"https:\/\/2horizontes.com\/index.php?rest_route=%2Fwp%2Fv2%2Fcomments&post=12092"}],"version-history":[{"count":1,"href":"https:\/\/2horizontes.com\/index.php?rest_route=\/wp\/v2\/posts\/12092\/revisions"}],"predecessor-version":[{"id":12094,"href":"https:\/\/2horizontes.com\/index.php?rest_route=\/wp\/v2\/posts\/12092\/revisions\/12094"}],"wp:featuredmedia":[{"embeddable":true,"href":"https:\/\/2horizontes.com\/index.php?rest_route=\/wp\/v2\/media\/12093"}],"wp:attachment":[{"href":"https:\/\/2horizontes.com\/index.php?rest_route=%2Fwp%2Fv2%2Fmedia&parent=12092"}],"wp:term":[{"taxonomy":"category","embeddable":true,"href":"https:\/\/2horizontes.com\/index.php?rest_route=%2Fwp%2Fv2%2Fcategories&post=12092"},{"taxonomy":"post_tag","embeddable":true,"href":"https:\/\/2horizontes.com\/index.php?rest_route=%2Fwp%2Fv2%2Ftags&post=12092"}],"curies":[{"name":"wp","href":"https:\/\/api.w.org\/{rel}","templated":true}]}}