{"id":12061,"date":"2015-06-13T01:12:52","date_gmt":"2015-06-13T00:12:52","guid":{"rendered":"http:\/\/2horizontes.com\/?p=12061"},"modified":"2015-06-13T01:12:52","modified_gmt":"2015-06-13T00:12:52","slug":"matan-supuesto-sicario-participo-en-asesinato-del-periodista-blas-olivo","status":"publish","type":"post","link":"https:\/\/2horizontes.com\/?p=12061","title":{"rendered":"Matan supuesto sicario participo en asesinato del periodista Blas Olivo"},"content":{"rendered":"<p>RD-SANTO DOMINGO-La Procuradur\u00eda General de la Rep\u00fablica inform\u00f3 hoy que durante una requisa practicada por agentes de la Polic\u00eda Nacional en el Centro de Correcci\u00f3n y Rehabilitaci\u00f3n de Monte Plata result\u00f3 muerto el supuesto Jos\u00e9 Miguel Rodr\u00edguez Almonte (Job), al enfrentar con un arma de fuego a las autoridades actuantes.<\/p>\n<p>\u201cLa incursi\u00f3n de las autoridades se produce tras labores de inteligencia que se realizan en torno a la banda de sicarios que encabezaba Job, vinculada directamente a la muerte del periodista Blas Olivo, as\u00ed como a una amplia lista de ejecuciones que pretend\u00edan iniciar en los pr\u00f3ximos d\u00edas\u201d, asegur\u00f3 la Procuradur\u00eda en un comunicado.<\/p>\n<p>Seg\u00fan el documento de prensa, las autoridades recibieron la informaci\u00f3n de que el recluso habr\u00eda logrado introducir un arma de fuego al recinto penitenciario, por lo que procedieron a realizar la requisa, siendo recibidos con varios disparos realizados por Rodr\u00edguez Almonte, quien tambi\u00e9n es acusado de formar parte de la red de Figueroa Agosto.<\/p>\n<p>Hace unos d\u00edas, muri\u00f3 en un enfrentamiento uno de los supuestos sicarios al mando de Rodr\u00edguez Almonte, a quien se le encontraron varios celulares con comunicaciones recientes con su jefe, as\u00ed como fotos de casas y personas, contra las cuales supuestamente exist\u00eda un plan para asesinar a varias autoridades judiciales.<\/p>\n<p>A Rodr\u00edguez Almonte se le atribu\u00eda encabezar una banda desde la c\u00e1rcel que mataba y atracaba, sindic\u00e1ndoseles las muertes de Omar Lantigua Polanco, en el centro comercial Carrefour; de Vienesa Cesariana Capell\u00e1n (Bianca La Gorda), as\u00ed como la de Rub\u00e9n Soto Hayet, propietario de la Plaza Francesa, y de la agresi\u00f3n de Marino Popoter, subdirector de Seguridad del Modelo Penitenciario.<\/p>\n<p>A trav\u00e9s de un comunicado de prensa enviado por la Procuradur\u00eda General, se inform\u00f3 que por el momento no hay m\u00e1s detalles y que el hecho est\u00e1 bajo investigaci\u00f3n.<\/p>\n","protected":false},"excerpt":{"rendered":"<p>RD-SANTO DOMINGO-La Procuradur\u00eda General de la Rep\u00fablica inform\u00f3 hoy que durante una requisa practicada por agentes de la Polic\u00eda Nacional en el Centro de Correcci\u00f3n y Rehabilitaci\u00f3n de Monte Plata result\u00f3 muerto el supuesto Jos\u00e9 Miguel Rodr\u00edguez Almonte (Job), al enfrentar con un arma de fuego a las autoridades actuantes. \u201cLa incursi\u00f3n de las autoridades [&hellip;]<\/p>\n","protected":false},"author":8,"featured_media":9537,"comment_status":"open","ping_status":"open","sticky":false,"template":"","format":"standard","meta":{"footnotes":""},"categories":[44],"tags":[],"class_list":["post-12061","post","type-post","status-publish","format-standard","has-post-thumbnail","hentry","category-republica-dominicana"],"_links":{"self":[{"href":"https:\/\/2horizontes.com\/index.php?rest_route=\/wp\/v2\/posts\/12061","targetHints":{"allow":["GET"]}}],"collection":[{"href":"https:\/\/2horizontes.com\/index.php?rest_route=\/wp\/v2\/posts"}],"about":[{"href":"https:\/\/2horizontes.com\/index.php?rest_route=\/wp\/v2\/types\/post"}],"author":[{"embeddable":true,"href":"https:\/\/2horizontes.com\/index.php?rest_route=\/wp\/v2\/users\/8"}],"replies":[{"embeddable":true,"href":"https:\/\/2horizontes.com\/index.php?rest_route=%2Fwp%2Fv2%2Fcomments&post=12061"}],"version-history":[{"count":1,"href":"https:\/\/2horizontes.com\/index.php?rest_route=\/wp\/v2\/posts\/12061\/revisions"}],"predecessor-version":[{"id":12062,"href":"https:\/\/2horizontes.com\/index.php?rest_route=\/wp\/v2\/posts\/12061\/revisions\/12062"}],"wp:featuredmedia":[{"embeddable":true,"href":"https:\/\/2horizontes.com\/index.php?rest_route=\/wp\/v2\/media\/9537"}],"wp:attachment":[{"href":"https:\/\/2horizontes.com\/index.php?rest_route=%2Fwp%2Fv2%2Fmedia&parent=12061"}],"wp:term":[{"taxonomy":"category","embeddable":true,"href":"https:\/\/2horizontes.com\/index.php?rest_route=%2Fwp%2Fv2%2Fcategories&post=12061"},{"taxonomy":"post_tag","embeddable":true,"href":"https:\/\/2horizontes.com\/index.php?rest_route=%2Fwp%2Fv2%2Ftags&post=12061"}],"curies":[{"name":"wp","href":"https:\/\/api.w.org\/{rel}","templated":true}]}}