{"id":12050,"date":"2015-06-12T16:55:57","date_gmt":"2015-06-12T15:55:57","guid":{"rendered":"http:\/\/2horizontes.com\/?p=12050"},"modified":"2015-06-12T16:55:57","modified_gmt":"2015-06-12T15:55:57","slug":"raul-mondesi-llega-a-audiencia-esta-acusado-de-desfalco-por-200-mm","status":"publish","type":"post","link":"https:\/\/2horizontes.com\/?p=12050","title":{"rendered":"Ra\u00fal Mondes\u00ed llega a audiencia; est\u00e1 acusado de desfalco por $200 MM"},"content":{"rendered":"<article class=\"contenidoArticulo\">\n<div class=\"cuerpoNoticia\">\n<p><strong>RD-San Crist\u00f3bal._<\/strong> El alcalde de la provincia San Crist\u00f3bal, Ra\u00fal Mondes\u00ed, lleg\u00f3 a las 8:40 de la ma\u00f1ana a la C\u00e1mara Penal de Corte de Apelaci\u00f3n de esa provincia, donde se realiza la audiencia en su contra por alegada malversaci\u00f3n de fondos. Inici\u00f3 a las 9:00.<\/p>\n<p>La Procuradur\u00eda Especializada de la Persecuci\u00f3n de la Corrupci\u00f3n Administrativa \u2013Pepca- \u00a0 anunci\u00f3 ayer que solicitar\u00e1 apertura de juicio y la imposici\u00f3n de medida de coerci\u00f3n por alegadamente malversar 200 millones de pesos.<\/p>\n<p>El alcalde lleg\u00f3 a al lugar acompa\u00f1ado de varios de sus seguidores y dijo que espera que el tribunal rechace la solicitud y que declare su inocencia.<\/p>\n<p>Adelant\u00f3 que concluida la audiencia hablar\u00e1 con la prensa.<\/p>\n<p>El Ministerio P\u00fablico acusa a Mondes\u00ed y a otros empleados de esa alcald\u00eda de haber manejado los fondos de forma discrecional sin cumplir con los procedimientos, elaborando los estados financieros sin criterios t\u00e9cnicos, de que los impuestos retenidos no eran remesados y no cumpl\u00edan m\u00ednimamente con el presupuesto.<\/p>\n<p>La audiencia estar\u00e1 a cargo de la magistrada Luz del Carmen Matos D\u00edaz.<\/p>\n<\/div>\n<\/article>\n","protected":false},"excerpt":{"rendered":"<p>RD-San Crist\u00f3bal._ El alcalde de la provincia San Crist\u00f3bal, Ra\u00fal Mondes\u00ed, lleg\u00f3 a las 8:40 de la ma\u00f1ana a la C\u00e1mara Penal de Corte de Apelaci\u00f3n de esa provincia, donde se realiza la audiencia en su contra por alegada malversaci\u00f3n de fondos. Inici\u00f3 a las 9:00. La Procuradur\u00eda Especializada de la Persecuci\u00f3n de la Corrupci\u00f3n [&hellip;]<\/p>\n","protected":false},"author":8,"featured_media":12052,"comment_status":"open","ping_status":"open","sticky":false,"template":"","format":"standard","meta":{"footnotes":""},"categories":[43,53],"tags":[],"class_list":["post-12050","post","type-post","status-publish","format-standard","has-post-thumbnail","hentry","category-politica","category-provincias"],"_links":{"self":[{"href":"https:\/\/2horizontes.com\/index.php?rest_route=\/wp\/v2\/posts\/12050","targetHints":{"allow":["GET"]}}],"collection":[{"href":"https:\/\/2horizontes.com\/index.php?rest_route=\/wp\/v2\/posts"}],"about":[{"href":"https:\/\/2horizontes.com\/index.php?rest_route=\/wp\/v2\/types\/post"}],"author":[{"embeddable":true,"href":"https:\/\/2horizontes.com\/index.php?rest_route=\/wp\/v2\/users\/8"}],"replies":[{"embeddable":true,"href":"https:\/\/2horizontes.com\/index.php?rest_route=%2Fwp%2Fv2%2Fcomments&post=12050"}],"version-history":[{"count":1,"href":"https:\/\/2horizontes.com\/index.php?rest_route=\/wp\/v2\/posts\/12050\/revisions"}],"predecessor-version":[{"id":12051,"href":"https:\/\/2horizontes.com\/index.php?rest_route=\/wp\/v2\/posts\/12050\/revisions\/12051"}],"wp:featuredmedia":[{"embeddable":true,"href":"https:\/\/2horizontes.com\/index.php?rest_route=\/wp\/v2\/media\/12052"}],"wp:attachment":[{"href":"https:\/\/2horizontes.com\/index.php?rest_route=%2Fwp%2Fv2%2Fmedia&parent=12050"}],"wp:term":[{"taxonomy":"category","embeddable":true,"href":"https:\/\/2horizontes.com\/index.php?rest_route=%2Fwp%2Fv2%2Fcategories&post=12050"},{"taxonomy":"post_tag","embeddable":true,"href":"https:\/\/2horizontes.com\/index.php?rest_route=%2Fwp%2Fv2%2Ftags&post=12050"}],"curies":[{"name":"wp","href":"https:\/\/api.w.org\/{rel}","templated":true}]}}