{"id":12013,"date":"2015-06-12T10:51:11","date_gmt":"2015-06-12T09:51:11","guid":{"rendered":"http:\/\/2horizontes.com\/?p=12013"},"modified":"2015-06-12T10:51:11","modified_gmt":"2015-06-12T09:51:11","slug":"el-escritor-peruano-vargas-llosa-confirma-que-esta-separado-de-su-esposa","status":"publish","type":"post","link":"https:\/\/2horizontes.com\/?p=12013","title":{"rendered":"El escritor peruano Vargas Llosa confirma que est\u00e1 separado de su esposa"},"content":{"rendered":"<div id=\"ArticleSourceDiv\" class=\"article-body-author\"><b>Santo Domingo<\/b><\/div>\n<div id=\"ArticleBody\">\n<p>El premio nobel peruano, Mario Vargas Llosa, confirm\u00f3 a un programa de televisi\u00f3n espa\u00f1ol que est\u00e1 separado de la que ha sido su esposa durante medio siglo, Patricia Llosa.<\/p>\n<p>El laureado escritor, que fue noticia este lunes al difundir la revista Hola una imagen en donde se ve en compa\u00f1\u00eda de Isabel Preysler , que enviud\u00f3 el a\u00f1o pasado, ofreci\u00f3 unas breves declaraciones al programa \u201cS\u00e1lvame\u201d. \u201cLo \u00fanico que le confirmo es que estoy separado. Digo simplemente que estoy separado y no tengo m\u00e1s declaraciones que hacer sobre mi vida privada\u00bb, dijo.<\/p>\n<p>Las declaraciones de Vargas Llosa contradicen a las de su esposa, Patricia Llosa, quien ayer dijo sentirse apenada por la publicaci\u00f3n de las im\u00e1genes y asegur\u00f3 que hace solo una semana la familia celebraba en Nueva York los cincuenta a\u00f1os de casados de ellos y un reconocimiento acad\u00e9mico para el escritor. Como Vargas Llosa, ella tambi\u00e9n pidi\u00f3 respeto a su privacidad.<\/p>\n<p>Se dijo que Vargas Llosa es amigo desde hace casi 30 a\u00f1os de Isabel Preysler, que tambi\u00e9n fuera mujer de Julio Iglesia y de un noble, a este \u00faltimo lo dej\u00f3 por el ex ministro de Econom\u00eda Miguel Boyer, de quien enviud\u00f3 hace menos de nueve meses.<\/p>\n<p>Patricia Llosa es prima hermana de Mario Vargas Llosa. Su matrimonio gener\u00f3, en su \u00e9poca, una gran controversia porque el escritor dej\u00f3 a su primera esposa, Julia, quien era t\u00eda de su esposa y t\u00eda pol\u00edtica suya, para casarse con ella.<\/p>\n<\/div>\n","protected":false},"excerpt":{"rendered":"<p>Santo Domingo El premio nobel peruano, Mario Vargas Llosa, confirm\u00f3 a un programa de televisi\u00f3n espa\u00f1ol que est\u00e1 separado de la que ha sido su esposa durante medio siglo, Patricia Llosa. El laureado escritor, que fue noticia este lunes al difundir la revista Hola una imagen en donde se ve en compa\u00f1\u00eda de Isabel Preysler [&hellip;]<\/p>\n","protected":false},"author":7,"featured_media":12014,"comment_status":"open","ping_status":"open","sticky":false,"template":"","format":"standard","meta":{"footnotes":""},"categories":[62,1,40],"tags":[],"class_list":["post-12013","post","type-post","status-publish","format-standard","has-post-thumbnail","hentry","category-cultura","category-entretenimiento","category-internacionales"],"_links":{"self":[{"href":"https:\/\/2horizontes.com\/index.php?rest_route=\/wp\/v2\/posts\/12013","targetHints":{"allow":["GET"]}}],"collection":[{"href":"https:\/\/2horizontes.com\/index.php?rest_route=\/wp\/v2\/posts"}],"about":[{"href":"https:\/\/2horizontes.com\/index.php?rest_route=\/wp\/v2\/types\/post"}],"author":[{"embeddable":true,"href":"https:\/\/2horizontes.com\/index.php?rest_route=\/wp\/v2\/users\/7"}],"replies":[{"embeddable":true,"href":"https:\/\/2horizontes.com\/index.php?rest_route=%2Fwp%2Fv2%2Fcomments&post=12013"}],"version-history":[{"count":1,"href":"https:\/\/2horizontes.com\/index.php?rest_route=\/wp\/v2\/posts\/12013\/revisions"}],"predecessor-version":[{"id":12015,"href":"https:\/\/2horizontes.com\/index.php?rest_route=\/wp\/v2\/posts\/12013\/revisions\/12015"}],"wp:featuredmedia":[{"embeddable":true,"href":"https:\/\/2horizontes.com\/index.php?rest_route=\/wp\/v2\/media\/12014"}],"wp:attachment":[{"href":"https:\/\/2horizontes.com\/index.php?rest_route=%2Fwp%2Fv2%2Fmedia&parent=12013"}],"wp:term":[{"taxonomy":"category","embeddable":true,"href":"https:\/\/2horizontes.com\/index.php?rest_route=%2Fwp%2Fv2%2Fcategories&post=12013"},{"taxonomy":"post_tag","embeddable":true,"href":"https:\/\/2horizontes.com\/index.php?rest_route=%2Fwp%2Fv2%2Ftags&post=12013"}],"curies":[{"name":"wp","href":"https:\/\/api.w.org\/{rel}","templated":true}]}}