{"id":11994,"date":"2015-06-12T10:31:41","date_gmt":"2015-06-12T09:31:41","guid":{"rendered":"http:\/\/2horizontes.com\/?p=11994"},"modified":"2015-06-12T10:31:41","modified_gmt":"2015-06-12T09:31:41","slug":"pena-nieto-pide-respeto-a-los-derechos-humanos-en-venezuela","status":"publish","type":"post","link":"https:\/\/2horizontes.com\/?p=11994","title":{"rendered":"Pe\u00f1a Nieto pide \u00abrespeto a los derechos humanos\u00bb en Venezuela"},"content":{"rendered":"<div id=\"ArticleAuthorDiv\" class=\"article-body-author\"><b>EFE<\/b><\/div>\n<div id=\"ArticleSourceDiv\" class=\"article-body-author\"><b>Bruselas<\/b><\/div>\n<div id=\"ArticleBody\">\n<p>El presidente de M\u00e9xico, Enrique Pe\u00f1a Nieto, se mostr\u00f3 hoy partidario de que haya \u00abrespeto a los derechos humanos en Venezuela\u00bb en una entrevista con Efe en la que confes\u00f3 tener una relaci\u00f3n \u00abmuy institucional\u00bb aunque \u00abbastante cordial\u00bb con su hom\u00f3logo de Venezuela, Nicol\u00e1s Maduro.<\/p>\n<p>Pe\u00f1a Nieto, que se encuentra en Bruselas donde ha participado en la II Cumbre entre la Uni\u00f3n Europea y la Comunidad de Estados Latinoamericanos y Caribe\u00f1os (Celac), celebrada el mi\u00e9rcoles y el jueves, se refiri\u00f3 tambi\u00e9n a las gestiones realizadas en Venezuela por el ex presidente del Gobierno espa\u00f1ol Felipe Gonz\u00e1lez.<\/p>\n<p>\u00abLos esfuerzos porque en este pa\u00eds al que respetamos haya pleno respeto al estado de derecho, a la democracia, siempre ser\u00e1n sin duda bien vistos\u00bb, indic\u00f3 al respecto el presidente mexicano.<\/p>\n<p>No obstante, tambi\u00e9n dej\u00f3 claro que su pa\u00eds act\u00faa \u00aben congruencia con lo que mandata\u00bb su Constituci\u00f3n \u00abde absoluto respeto a la libre determinaci\u00f3n de las naciones\u00bb.<\/p>\n<p>De diferente forma se refiri\u00f3 Pe\u00f1a Nieto a la relaci\u00f3n con Cuba, su presidente, Ra\u00fal Castro, y su hermano Fidel, con los que dijo tener \u00abuna relaci\u00f3n personal bastante buena y positiva\u00bb, al recordar que se entrevist\u00f3 con el primero e hizo una \u00abvisita de cortes\u00eda\u00bb al segundo en un viaje a Cuba en enero de 2014.<\/p>\n<p>Con Venezuela \u00abno hay la misma vecindad geogr\u00e1fica que hay con Cuba, hay una vecindad regional\u00bb, aclar\u00f3.<\/p>\n<p>Pe\u00f1a Nieto anunci\u00f3 asimismo que \u00abaplaude\u00bb, \u00abreconoce\u00bb y \u00abapoya\u00bb el deshielo de la relaci\u00f3n entre Cuba y Estados Unidos, y dijo que la intenci\u00f3n de M\u00e9xico es \u00abcoadyuvar\u00bb en \u00abtodo aquello que favorezca\u00bb a la \u00abnormalizaci\u00f3n de la relaci\u00f3n\u00bb entre esas dos naciones.<\/p>\n<p>\u00abM\u00e9xico la aplaude, la reconoce y la apoya\u00bb porque son sus \u00abdos vecinos geogr\u00e1ficos, uno en el norte y el otro en la regi\u00f3n del Caribe\u00bb, manifest\u00f3.<\/p>\n<p>Su apoyo se debe no solo a \u00abla relaci\u00f3n hist\u00f3rica y a\u00f1eja que hermana a M\u00e9xico con estas dos naciones\u00bb, sino porque \u00abcontribuye a fortalecer\u00bb la regi\u00f3n del Caribe, por Cuba, y a la \u00abintegraci\u00f3n productiva de Norteam\u00e9rica\u00bb, por Estados Unidos.<\/p>\n<p>Tambi\u00e9n consider\u00f3 \u00abalgo vital que este desfase y este aislamiento que hist\u00f3ricamente se hab\u00eda dado sobre Cuba, al que M\u00e9xico evidentemente se hab\u00eda opuesto\u00bb, pues \u00abno compart\u00eda el embargo\u00bb, \u00aben alg\u00fan momento se levante\u00bb.<\/p>\n<p>Seg\u00fan Pe\u00f1a Nieto, lo que est\u00e1 sucediendo en Cuba es \u00abun proceso de mayor apertura\u00bb que \u00abtraer\u00e1 inversi\u00f3n\u00bb mexicana a la isla caribe\u00f1a.<\/p>\n<p>Entre los sectores en que M\u00e9xico podr\u00eda invertir a trav\u00e9s de sus empresarios cit\u00f3 el tur\u00edstico, el portuario y el de las comunicaciones.<\/p>\n<\/div>\n<div><\/div>\n<p>&nbsp;<\/p>\n","protected":false},"excerpt":{"rendered":"<p>EFE Bruselas El presidente de M\u00e9xico, Enrique Pe\u00f1a Nieto, se mostr\u00f3 hoy partidario de que haya \u00abrespeto a los derechos humanos en Venezuela\u00bb en una entrevista con Efe en la que confes\u00f3 tener una relaci\u00f3n \u00abmuy institucional\u00bb aunque \u00abbastante cordial\u00bb con su hom\u00f3logo de Venezuela, Nicol\u00e1s Maduro. Pe\u00f1a Nieto, que se encuentra en Bruselas donde [&hellip;]<\/p>\n","protected":false},"author":7,"featured_media":11995,"comment_status":"open","ping_status":"open","sticky":false,"template":"","format":"standard","meta":{"footnotes":""},"categories":[40,48],"tags":[],"class_list":["post-11994","post","type-post","status-publish","format-standard","has-post-thumbnail","hentry","category-internacionales","category-venezuela"],"_links":{"self":[{"href":"https:\/\/2horizontes.com\/index.php?rest_route=\/wp\/v2\/posts\/11994","targetHints":{"allow":["GET"]}}],"collection":[{"href":"https:\/\/2horizontes.com\/index.php?rest_route=\/wp\/v2\/posts"}],"about":[{"href":"https:\/\/2horizontes.com\/index.php?rest_route=\/wp\/v2\/types\/post"}],"author":[{"embeddable":true,"href":"https:\/\/2horizontes.com\/index.php?rest_route=\/wp\/v2\/users\/7"}],"replies":[{"embeddable":true,"href":"https:\/\/2horizontes.com\/index.php?rest_route=%2Fwp%2Fv2%2Fcomments&post=11994"}],"version-history":[{"count":1,"href":"https:\/\/2horizontes.com\/index.php?rest_route=\/wp\/v2\/posts\/11994\/revisions"}],"predecessor-version":[{"id":11996,"href":"https:\/\/2horizontes.com\/index.php?rest_route=\/wp\/v2\/posts\/11994\/revisions\/11996"}],"wp:featuredmedia":[{"embeddable":true,"href":"https:\/\/2horizontes.com\/index.php?rest_route=\/wp\/v2\/media\/11995"}],"wp:attachment":[{"href":"https:\/\/2horizontes.com\/index.php?rest_route=%2Fwp%2Fv2%2Fmedia&parent=11994"}],"wp:term":[{"taxonomy":"category","embeddable":true,"href":"https:\/\/2horizontes.com\/index.php?rest_route=%2Fwp%2Fv2%2Fcategories&post=11994"},{"taxonomy":"post_tag","embeddable":true,"href":"https:\/\/2horizontes.com\/index.php?rest_route=%2Fwp%2Fv2%2Ftags&post=11994"}],"curies":[{"name":"wp","href":"https:\/\/api.w.org\/{rel}","templated":true}]}}