{"id":11981,"date":"2015-06-12T02:05:28","date_gmt":"2015-06-12T01:05:28","guid":{"rendered":"http:\/\/2horizontes.com\/?p=11981"},"modified":"2015-06-12T02:05:28","modified_gmt":"2015-06-12T01:05:28","slug":"madre-de-cien-fuegos-con-mi-hijo-en-la-estancia-ahorro-mas-de-500-pesos-semanales","status":"publish","type":"post","link":"https:\/\/2horizontes.com\/?p=11981","title":{"rendered":"Madre de Cien fuegos: \u201cCon mi hijo en la estancia ahorro m\u00e1s de 500 pesos semanales\u201d"},"content":{"rendered":"<p><strong>RD-Santiago<\/strong>.- Las madres del barrio Ingenio Arriba est\u00e1n de risitas con la apertura de una Estancia Infantil en esa comunidad del sector de Cien fuegos, porque all\u00ed sus hijos estar\u00e1n bien educados, alimentados, cuidados y seguros.<\/p>\n<p>Est\u00e1n tranquilas porque ahora todo ser\u00e1 m\u00e1s f\u00e1cil para las que que trabajan y aquellas que no tienen un empleo podr\u00e1n salir a buscarlo.<\/p>\n<p>Este bienestar emocional se traducir\u00e1 tambi\u00e9n en mejor\u00eda econ\u00f3mica para decenas de madres que sentir\u00e1n un alivio en su presupuesto porque no tendr\u00e1n que pagar entre 500 y 1000 pesos semanales para que le atiendan los peque\u00f1os en guarder\u00edas o casas particulares, comprar pa\u00f1ales, ni dejarle leche para su alimentaci\u00f3n.<\/p>\n<p>La Estancia Infantil Ingenio Arriba fue inaugurada hoy por el presidente Danilo Medina. Albergar\u00e1 a 226 ni\u00f1os y ni\u00f1as de 0 a 5 a\u00f1os de esa comunidad y al igual que las dem\u00e1s, abrir\u00e1 sus puertas a las 7:30 de la ma\u00f1ana y cerrar\u00e1 a las 5:00 de la tarde, horario en que un personal calificado se ocupar\u00e1 de darle educaci\u00f3n integral, alimentaci\u00f3n y cuidado a los infantes.<\/p>\n<p><strong>Se acab\u00f3 pedir permiso en el trabajo cuando se enfermen<\/strong><\/p>\n<p>Ahora tampoco las madres y padres de Ingenio Arriba tendr\u00e1n que pedir permiso en sus trabajos cuando sus hijos e hijas se enfermen para llevarlos al m\u00e9dico porque en la Estancia Infantil hay personal de enfermer\u00eda especializado para atenderlos.<\/p>\n<p>Estos son algunos de los beneficios que han idenfiticado Sandra Altagracia Cruz, Jismeiry Javier Lora, Rosa Delia V\u00e1squez, Marl\u00edn Mar\u00eda Rodr\u00edguez y otras madres residentes en este populoso sector santiaguero al hablar sobre el impacto de esta importante obra en su comunidad, resultado de las pol\u00edticas p\u00fablicas impulsadas por el Gobierno del presidente Danilo Medina a favor de la primera infancia.<\/p>\n<p>\u201cPor primera vez un presidente est\u00e1 ayudando a las madres pobres de este barrio\u201d, afirm\u00f3 Marl\u00edn Mar\u00eda Rodr\u00edguez.<\/p>\n<p><strong>No gastaremos en agua, ni en pamper, ni en merienda<\/strong><\/p>\n<p>Rosa Delia V\u00e1squez, madre de tres ni\u00f1os, residente en la calle Proyecto de Ingenio Arriba, define la Estancia Infantil como \u201csuperbeneficiosa\u201d al resaltar que \u201cahora no tendremos que llevar agua, pamper, ni merienda y si se enferman no nos llaman al trabajo porque hay personal para atenderlos\u201d.<\/p>\n<p><strong>Ahora puedo buscar trabajo<\/strong><br \/>\n\u201cAhora puedo buscar trabajo porque tengo los ni\u00f1os seguros y bien cuidados\u201d, afirma Sandra Altagracia Cruz, madre de tres hijos en edades comprendidas entre los 3 y 15 a\u00f1os.<\/p>\n<p><strong>38 empleos en la comunidad<\/strong><\/p>\n<p>Ana Cristina Romero, presidenta de la Junta de Vecinos, activista en beneficio de los residentes del sector y madre solidaria, destaca que otro beneficio es que la Estancia es una nueva fuente de empleo en su sector porque generar\u00e1 cerca de 38 fuentes de trabajo.<\/p>\n<p><strong>Mi hijo estar\u00e1 bien cuidado y alimentado<\/strong><\/p>\n<p>\u201cMi mayor tranquilidad es que mi hijo peque\u00f1o de seis meses estar\u00e1 bien cuidado y alimentado porque aqu\u00ed uno no encuentra qui\u00e9n le cuide los ni\u00f1os y si aparece alguien hay que pagarle y a uno no le alcanza el dinero\u201d, as\u00ed lo expresa Jismeiry Javier Lora, sosteniendo a su peque\u00f1o en brazos.<\/p>\n<p><strong>Tengo confianza en dejar mi ni\u00f1o ah\u00ed<\/strong><\/p>\n<p>Jismeiry es una joven que cursaba el octavo semestre de licenciatura en Bioan\u00e1lisis\u00a0 en la universidad y que suspendi\u00f3 los estudios porque no pod\u00eda pagar el cuidado del ni\u00f1o. Ahora los podr\u00e1 reiniciar \u201cporque aqu\u00ed todo el mundo tiene confianza en dejar los ni\u00f1os ah\u00ed\u201d.<\/p>\n","protected":false},"excerpt":{"rendered":"<p>RD-Santiago.- Las madres del barrio Ingenio Arriba est\u00e1n de risitas con la apertura de una Estancia Infantil en esa comunidad del sector de Cien fuegos, porque all\u00ed sus hijos estar\u00e1n bien educados, alimentados, cuidados y seguros. Est\u00e1n tranquilas porque ahora todo ser\u00e1 m\u00e1s f\u00e1cil para las que que trabajan y aquellas que no tienen un [&hellip;]<\/p>\n","protected":false},"author":8,"featured_media":11982,"comment_status":"open","ping_status":"open","sticky":false,"template":"","format":"standard","meta":{"footnotes":""},"categories":[63,53],"tags":[],"class_list":["post-11981","post","type-post","status-publish","format-standard","has-post-thumbnail","hentry","category-economia","category-provincias"],"_links":{"self":[{"href":"https:\/\/2horizontes.com\/index.php?rest_route=\/wp\/v2\/posts\/11981","targetHints":{"allow":["GET"]}}],"collection":[{"href":"https:\/\/2horizontes.com\/index.php?rest_route=\/wp\/v2\/posts"}],"about":[{"href":"https:\/\/2horizontes.com\/index.php?rest_route=\/wp\/v2\/types\/post"}],"author":[{"embeddable":true,"href":"https:\/\/2horizontes.com\/index.php?rest_route=\/wp\/v2\/users\/8"}],"replies":[{"embeddable":true,"href":"https:\/\/2horizontes.com\/index.php?rest_route=%2Fwp%2Fv2%2Fcomments&post=11981"}],"version-history":[{"count":1,"href":"https:\/\/2horizontes.com\/index.php?rest_route=\/wp\/v2\/posts\/11981\/revisions"}],"predecessor-version":[{"id":11983,"href":"https:\/\/2horizontes.com\/index.php?rest_route=\/wp\/v2\/posts\/11981\/revisions\/11983"}],"wp:featuredmedia":[{"embeddable":true,"href":"https:\/\/2horizontes.com\/index.php?rest_route=\/wp\/v2\/media\/11982"}],"wp:attachment":[{"href":"https:\/\/2horizontes.com\/index.php?rest_route=%2Fwp%2Fv2%2Fmedia&parent=11981"}],"wp:term":[{"taxonomy":"category","embeddable":true,"href":"https:\/\/2horizontes.com\/index.php?rest_route=%2Fwp%2Fv2%2Fcategories&post=11981"},{"taxonomy":"post_tag","embeddable":true,"href":"https:\/\/2horizontes.com\/index.php?rest_route=%2Fwp%2Fv2%2Ftags&post=11981"}],"curies":[{"name":"wp","href":"https:\/\/api.w.org\/{rel}","templated":true}]}}