{"id":11978,"date":"2015-06-12T01:58:10","date_gmt":"2015-06-12T00:58:10","guid":{"rendered":"http:\/\/2horizontes.com\/?p=11978"},"modified":"2015-06-12T01:58:10","modified_gmt":"2015-06-12T00:58:10","slug":"raso-del-ejercito-denuncia-golpiza-por-negarse-a-cumplir-orden","status":"publish","type":"post","link":"https:\/\/2horizontes.com\/?p=11978","title":{"rendered":"Raso del Ej\u00e9rcito denuncia golpiza por negarse a cumplir orden"},"content":{"rendered":"<p>RD- SANTO DOMINGO-Un raso del Ej\u00e9rcito de la Rep\u00fablica Dominicana denunci\u00f3 que fue objeto de una golpiza por orden de un coronel, debido a que se neg\u00f3 a hacer un servicio. La acusaci\u00f3n fue acompa\u00f1ada de una fotograf\u00eda que muestra su rostro golpeado y llorando. La instituci\u00f3n dijo que investiga el caso.<img loading=\"lazy\" decoding=\"async\" title=\"http:\/\/179.51.67.196\/admin\/js\/tiny_mce\/themes\/advanced\/img\/trans.gif\" src=\"\/Users\/c01261\/AppData\/Local\/Temp\/msohtmlclip1\/01\/clip_image001.gif\" alt=\"http:\/\/179.51.67.196\/admin\/js\/tiny_mce\/themes\/advanced\/img\/trans.gif\" width=\"1\" height=\"1\" \/><\/p>\n<p>Manny Jos\u00e9 Rojas Carela hizo la acusaci\u00f3n a trav\u00e9s de su cuenta de Facebook, en la cual afirm\u00f3 que recibi\u00f3 la agresi\u00f3n por parte de un coronel de apellido Santana en la Fortaleza 2 de Mayo. Dijo que el oficial le dio la orden de golpearlo al segundo teniente solo identificado como Camacho y a varios oficiales m\u00e1s.<\/p>\n<p>Explic\u00f3 que el castigo lo recibi\u00f3 cuando, luego de cumplir 25 d\u00edas de castigo, le ordenaron irse para Dajab\u00f3n, a lo cual se neg\u00f3.<\/p>\n<p>De su lado, el encargado de Relaciones P\u00fablicas del Ej\u00e9rcito, coronel Puro de la Cruz, dijo a la redaccion \u00a0que investigan el caso, pero dej\u00f3 claro que dudaba de la versi\u00f3n de Rojas Carela, de quien dijo desconocer si efectivamente pertenece a esa entidad.<\/p>\n<p>Se\u00f1al\u00f3 no creer en la versi\u00f3n, \u00abpues en la actualidad existen demasiados medios para evitar este tipo de acci\u00f3n, incluso tenemos medios en la escuela de la relaci\u00f3n que debe existir entre un superior y un subalterno y nuestra ley org\u00e1nica castiga el exceso de autoridad\u00bb.<\/p>\n<p>La publicaci\u00f3n del joven tiene cientos de comentarios, algunos de apoyo hacia \u00e9l y otros critic\u00e1ndolo. \u00ab<span><span><span class=\"UFICommentBody\"><span>Son unos inhumanos, me indignan estas cosas\u00bb, escribi\u00f3 \u00a0Edith Soto.<\/span><\/span><\/span><\/span><\/p>\n<p><span><span><span class=\"UFICommentBody\"><span>\u00abUhmm.. Esto esta muy raro!!..No por el abusador que lo golpeo..sino.,,que paso??&#8230;a leguas se ve que es un kj..un novatico..en vez de ir a denunciarlo ante la jefatura..viene a FB&#8230;..Ud. no es para la Guardia..ESO ES PARA HOMBRES..se esta comportando como un nino indefenso..NO LE CREO\u00bb, dijo de su lado Yolandita \u00c1lvarez.<\/span><\/span><\/span><\/span><\/p>\n","protected":false},"excerpt":{"rendered":"<p>RD- SANTO DOMINGO-Un raso del Ej\u00e9rcito de la Rep\u00fablica Dominicana denunci\u00f3 que fue objeto de una golpiza por orden de un coronel, debido a que se neg\u00f3 a hacer un servicio. La acusaci\u00f3n fue acompa\u00f1ada de una fotograf\u00eda que muestra su rostro golpeado y llorando. La instituci\u00f3n dijo que investiga el caso. Manny Jos\u00e9 Rojas [&hellip;]<\/p>\n","protected":false},"author":8,"featured_media":11979,"comment_status":"open","ping_status":"open","sticky":false,"template":"","format":"standard","meta":{"footnotes":""},"categories":[44],"tags":[],"class_list":["post-11978","post","type-post","status-publish","format-standard","has-post-thumbnail","hentry","category-republica-dominicana"],"_links":{"self":[{"href":"https:\/\/2horizontes.com\/index.php?rest_route=\/wp\/v2\/posts\/11978","targetHints":{"allow":["GET"]}}],"collection":[{"href":"https:\/\/2horizontes.com\/index.php?rest_route=\/wp\/v2\/posts"}],"about":[{"href":"https:\/\/2horizontes.com\/index.php?rest_route=\/wp\/v2\/types\/post"}],"author":[{"embeddable":true,"href":"https:\/\/2horizontes.com\/index.php?rest_route=\/wp\/v2\/users\/8"}],"replies":[{"embeddable":true,"href":"https:\/\/2horizontes.com\/index.php?rest_route=%2Fwp%2Fv2%2Fcomments&post=11978"}],"version-history":[{"count":1,"href":"https:\/\/2horizontes.com\/index.php?rest_route=\/wp\/v2\/posts\/11978\/revisions"}],"predecessor-version":[{"id":11980,"href":"https:\/\/2horizontes.com\/index.php?rest_route=\/wp\/v2\/posts\/11978\/revisions\/11980"}],"wp:featuredmedia":[{"embeddable":true,"href":"https:\/\/2horizontes.com\/index.php?rest_route=\/wp\/v2\/media\/11979"}],"wp:attachment":[{"href":"https:\/\/2horizontes.com\/index.php?rest_route=%2Fwp%2Fv2%2Fmedia&parent=11978"}],"wp:term":[{"taxonomy":"category","embeddable":true,"href":"https:\/\/2horizontes.com\/index.php?rest_route=%2Fwp%2Fv2%2Fcategories&post=11978"},{"taxonomy":"post_tag","embeddable":true,"href":"https:\/\/2horizontes.com\/index.php?rest_route=%2Fwp%2Fv2%2Ftags&post=11978"}],"curies":[{"name":"wp","href":"https:\/\/api.w.org\/{rel}","templated":true}]}}