{"id":11901,"date":"2015-06-11T17:57:44","date_gmt":"2015-06-11T16:57:44","guid":{"rendered":"http:\/\/2horizontes.com\/?p=11901"},"modified":"2015-06-11T17:57:44","modified_gmt":"2015-06-11T16:57:44","slug":"del-bosque-pique-no-ha-dicho-nada-fue-una-tonteria","status":"publish","type":"post","link":"https:\/\/2horizontes.com\/?p=11901","title":{"rendered":"Del Bosque &#8216;Piqu\u00e9 no ha dicho nada. Fue una tonter\u00eda&#8217;"},"content":{"rendered":"<p>Vicente del Bosque defendi\u00f3 a Gerard Piqu\u00e9 tras su broma en la celebraci\u00f3n del triplete del Barcelona y asegur\u00f3 que \u00abno ha dicho nada malo\u00bb contra los jugadores del Real Madrid. El seleccionador espa\u00f1ol considera lo sucedido \u00abuna tonter\u00eda lo que dijo, una cosa infantil\u00bb la cual resta toda la importancia.<\/p>\n<p>\u00abPiqu\u00e9 no ha dicho nada. \u00bfHa dicho algo malo? \u00bfAlgo grave? Estamos aqu\u00ed para buscar el mejor ambiente dentro de la selecci\u00f3n. Sabemos que la buena convivencia es obligatoria, pero esto es una cosa infantil. Si consider\u00e1ramos que sus palabras podr\u00edan perjudicar a la convivencia tomar\u00edamos medidas. Es una tonter\u00eda lo que dijo en la celebraci\u00f3n del Barcelona\u00bb, explic\u00f3 el t\u00e9cnico en Le\u00f3n, donde Espa\u00f1a se mide el jueves a Costa Rica en un amistoso.<\/p>\n<p>La actualidad de la vigente campeona de Europa sigue marcada por las relaciones entre sus futbolistas, el futuro de Casillas y De Gea, y las pol\u00e9micas que gener\u00f3 la celebraci\u00f3n de Piqu\u00e9 el pasado domingo. Del Bosque intent\u00f3 capear el temporal y hablar simplemente de f\u00fatbol, pero no lo tuvo en absoluto sencillo.<\/p>\n","protected":false},"excerpt":{"rendered":"<p>Vicente del Bosque defendi\u00f3 a Gerard Piqu\u00e9 tras su broma en la celebraci\u00f3n del triplete del Barcelona y asegur\u00f3 que \u00abno ha dicho nada malo\u00bb contra los jugadores del Real Madrid. El seleccionador espa\u00f1ol considera lo sucedido \u00abuna tonter\u00eda lo que dijo, una cosa infantil\u00bb la cual resta toda la importancia. \u00abPiqu\u00e9 no ha dicho [&hellip;]<\/p>\n","protected":false},"author":3,"featured_media":11902,"comment_status":"open","ping_status":"open","sticky":false,"template":"","format":"standard","meta":{"footnotes":""},"categories":[42],"tags":[],"class_list":["post-11901","post","type-post","status-publish","format-standard","has-post-thumbnail","hentry","category-deportes"],"_links":{"self":[{"href":"https:\/\/2horizontes.com\/index.php?rest_route=\/wp\/v2\/posts\/11901","targetHints":{"allow":["GET"]}}],"collection":[{"href":"https:\/\/2horizontes.com\/index.php?rest_route=\/wp\/v2\/posts"}],"about":[{"href":"https:\/\/2horizontes.com\/index.php?rest_route=\/wp\/v2\/types\/post"}],"author":[{"embeddable":true,"href":"https:\/\/2horizontes.com\/index.php?rest_route=\/wp\/v2\/users\/3"}],"replies":[{"embeddable":true,"href":"https:\/\/2horizontes.com\/index.php?rest_route=%2Fwp%2Fv2%2Fcomments&post=11901"}],"version-history":[{"count":1,"href":"https:\/\/2horizontes.com\/index.php?rest_route=\/wp\/v2\/posts\/11901\/revisions"}],"predecessor-version":[{"id":11903,"href":"https:\/\/2horizontes.com\/index.php?rest_route=\/wp\/v2\/posts\/11901\/revisions\/11903"}],"wp:featuredmedia":[{"embeddable":true,"href":"https:\/\/2horizontes.com\/index.php?rest_route=\/wp\/v2\/media\/11902"}],"wp:attachment":[{"href":"https:\/\/2horizontes.com\/index.php?rest_route=%2Fwp%2Fv2%2Fmedia&parent=11901"}],"wp:term":[{"taxonomy":"category","embeddable":true,"href":"https:\/\/2horizontes.com\/index.php?rest_route=%2Fwp%2Fv2%2Fcategories&post=11901"},{"taxonomy":"post_tag","embeddable":true,"href":"https:\/\/2horizontes.com\/index.php?rest_route=%2Fwp%2Fv2%2Ftags&post=11901"}],"curies":[{"name":"wp","href":"https:\/\/api.w.org\/{rel}","templated":true}]}}