{"id":11897,"date":"2015-06-11T18:42:28","date_gmt":"2015-06-11T17:42:28","guid":{"rendered":"http:\/\/2horizontes.com\/?p=11897"},"modified":"2015-06-12T15:55:36","modified_gmt":"2015-06-12T14:55:36","slug":"movimiento-sector-externo-promueve-alcaldia-del-lic-jesus-felix-por-santo-domingo-norte","status":"publish","type":"post","link":"https:\/\/2horizontes.com\/?p=11897","title":{"rendered":"Movimiento sector externo promueve alcald\u00eda del Lic. Jesus Felix por Santo Domingo Norte"},"content":{"rendered":"<p>RD- SANTO DOMINGO NORTE- Decisi\u00f3n municipal, es el movimiento del sector externo que promueve las aspiraciones a la alcald\u00eda de Santo \u00a0Domingo Norte, del Lic. Jesus Felix.<\/p>\n<p>Felix, anuncia al pa\u00eds su respaldo a la firma del pacto por la unidad, para la conformaci\u00f3n de un Gobierno de Unidad Nacional, que encabezara el presidente Danilo Medina en su nuevo mandato que iniciara el 16 de Agosto del 2016.<\/p>\n<p>La decisi\u00f3n esta \u00a0tomada en el inter\u00e9s de la reelecci\u00f3n presidencial del Lic. Danilo Medina, que por su extraordinario desempe\u00f1o \u00a0en el gobierno , por la alta valoraci\u00f3n que de el tiene la gran mayor\u00eda del pueblo Dominicano y por la corelacion pol\u00edticas y sociales que lo apoyan obtendr\u00e1 una \u00a0votaci\u00f3n hist\u00f3rica nunca antes alcanzada en el pa\u00eds, la cual se estima que superara el 80% de los sufragios.<\/p>\n<p>El movimiento pide ser muy cuidadoso con la alcald\u00eda de Santo domingo Norte, debido al bajo nivel de valoraci\u00f3n del actual incumbente, ya que esto podr\u00eda poner en juego la preservaci\u00f3n de la plaza ante un eventual acuerdo PLD-PRD.<\/p>\n<p>La sencillez y humildad del se\u00f1or presidente Medina, llevando el gobierno \u00a0cercano a la gente, la honestidad y transparencia \u00a0 en la administraci\u00f3n publica, \u00a0sumada a la gran cantidad de obras a lo largo de todo el pa\u00eds, ha hecho de su gobierno el de mayor aceptaci\u00f3n y popularidad en la historia de la Rep\u00fablica Dominicana.<\/p>\n<p>Estas declaraciones fueron ofrecidas en una rueda de prensa, \u00a0realizada en un restaurante de esta provincia \u00a0por \u00a0el presidente del Movimiento externo.<\/p>\n<p>Lic. franklin Reyes, junto a un equipo del movimiento.<\/p>\n<p>&nbsp;<\/p>\n<p>&nbsp;<\/p>\n<p>&nbsp;<\/p>\n<p>&nbsp;<\/p>\n<p>&nbsp;<\/p>\n<p>&nbsp;<\/p>\n<p>&nbsp;<\/p>\n<p>&nbsp;<\/p>\n<p>&nbsp;<\/p>\n<p>&nbsp;<\/p>\n<p>&nbsp;<\/p>\n<p>&nbsp;<\/p>\n<p>&nbsp;<\/p>\n<p>&nbsp;<\/p>\n<p>&nbsp;<\/p>\n<p>&nbsp;<\/p>\n<p>&nbsp;<\/p>\n<p>&nbsp;<\/p>\n<p>&nbsp;<\/p>\n<p>&nbsp;<\/p>\n<p>&nbsp;<\/p>\n<p>&nbsp;<\/p>\n<p>&nbsp;<\/p>\n<p>&nbsp;<\/p>\n<p>&nbsp;<\/p>\n<p>&nbsp;<\/p>\n<p>&nbsp;<\/p>\n<p>&nbsp;<\/p>\n<p>&nbsp;<\/p>\n<p>&nbsp;<\/p>\n<p>&nbsp;<\/p>\n<p>&nbsp;<\/p>\n<p>&nbsp;<\/p>\n<p>&nbsp;<\/p>\n<p>&nbsp;<\/p>\n<p>&nbsp;<\/p>\n<p>&nbsp;<\/p>\n<p>&nbsp;<\/p>\n<p>&nbsp;<\/p>\n<p>&nbsp;<\/p>\n<p>&nbsp;<\/p>\n<p>&nbsp;<\/p>\n<p>&nbsp;<\/p>\n<p>d<\/p>\n","protected":false},"excerpt":{"rendered":"<p>RD- SANTO DOMINGO NORTE- Decisi\u00f3n municipal, es el movimiento del sector externo que promueve las aspiraciones a la alcald\u00eda de Santo \u00a0Domingo Norte, del Lic. Jesus Felix. Felix, anuncia al pa\u00eds su respaldo a la firma del pacto por la unidad, para la conformaci\u00f3n de un Gobierno de Unidad Nacional, que encabezara el presidente Danilo [&hellip;]<\/p>\n","protected":false},"author":8,"featured_media":12031,"comment_status":"open","ping_status":"open","sticky":false,"template":"","format":"standard","meta":{"footnotes":""},"categories":[43,44],"tags":[],"class_list":["post-11897","post","type-post","status-publish","format-standard","has-post-thumbnail","hentry","category-politica","category-republica-dominicana"],"_links":{"self":[{"href":"https:\/\/2horizontes.com\/index.php?rest_route=\/wp\/v2\/posts\/11897","targetHints":{"allow":["GET"]}}],"collection":[{"href":"https:\/\/2horizontes.com\/index.php?rest_route=\/wp\/v2\/posts"}],"about":[{"href":"https:\/\/2horizontes.com\/index.php?rest_route=\/wp\/v2\/types\/post"}],"author":[{"embeddable":true,"href":"https:\/\/2horizontes.com\/index.php?rest_route=\/wp\/v2\/users\/8"}],"replies":[{"embeddable":true,"href":"https:\/\/2horizontes.com\/index.php?rest_route=%2Fwp%2Fv2%2Fcomments&post=11897"}],"version-history":[{"count":3,"href":"https:\/\/2horizontes.com\/index.php?rest_route=\/wp\/v2\/posts\/11897\/revisions"}],"predecessor-version":[{"id":11936,"href":"https:\/\/2horizontes.com\/index.php?rest_route=\/wp\/v2\/posts\/11897\/revisions\/11936"}],"wp:featuredmedia":[{"embeddable":true,"href":"https:\/\/2horizontes.com\/index.php?rest_route=\/wp\/v2\/media\/12031"}],"wp:attachment":[{"href":"https:\/\/2horizontes.com\/index.php?rest_route=%2Fwp%2Fv2%2Fmedia&parent=11897"}],"wp:term":[{"taxonomy":"category","embeddable":true,"href":"https:\/\/2horizontes.com\/index.php?rest_route=%2Fwp%2Fv2%2Fcategories&post=11897"},{"taxonomy":"post_tag","embeddable":true,"href":"https:\/\/2horizontes.com\/index.php?rest_route=%2Fwp%2Fv2%2Ftags&post=11897"}],"curies":[{"name":"wp","href":"https:\/\/api.w.org\/{rel}","templated":true}]}}