{"id":11839,"date":"2015-06-11T06:08:53","date_gmt":"2015-06-11T05:08:53","guid":{"rendered":"http:\/\/2horizontes.com\/?p=11839"},"modified":"2015-06-11T06:08:53","modified_gmt":"2015-06-11T05:08:53","slug":"cuba-realiza-preparativos-para-futura-embajada-en-ee-uu","status":"publish","type":"post","link":"https:\/\/2horizontes.com\/?p=11839","title":{"rendered":"Cuba realiza preparativos para futura embajada en EE.UU."},"content":{"rendered":"<p>WASHINGTON, .- La Secci\u00f3n de Intereses de Cubaen Washington instal\u00f3 hoy un m\u00e1stil para poder izar subandera en el momento en que se anuncie la apertura de\u00a0embajadas cubana y estadunidense en las respectivas capitales, dentro del proceso de normalizaci\u00f3n bilateraliniciado en diciembre pasado.<\/p>\n<p>Una veintena de funcionarios de la Secci\u00f3n de Intereses de Cuba, incluido el jefe de la misi\u00f3n, Jos\u00e9 Caba\u00f1as, asistieron a una peque\u00f1a ceremonia para colocar el m\u00e1stil -sin izar todav\u00eda la bandera- en el exterior del edificio, que cuando haya un acuerdo bilateral se convertir\u00e1 en la embajada de Cuba en Estados Unidos.<\/p>\n<div id=\"tt-wrapper9257234\" class=\"tt-wrapper inread \">Los funcionarios cantaron el himno de Cuba y aplaudieron cuando los obreros erigieron el m\u00e1stil frente al edificio, situado en el barrio de Columbia Heights, a unos tres kil\u00f3metros de la Casa Blanca.<\/div>\n<p>Periodistas y curiosos se agolparon frente a la verja que separa la futura embajada de la calle, en una breve ceremonia que concluy\u00f3 sin declaraciones a la prensa.<\/p>\n<p><span class=\"article-body-balloon\">La colocaci\u00f3n del m\u00e1stil se suma a una serie de obras de renovaci\u00f3n que la Secci\u00f3n de Intereses cubana ha estado haciendo en preparaci\u00f3n para la apertura de su futura embajada.<\/span><\/p>\n<p>El Gobierno cubano prev\u00e9 tambi\u00e9n cambiar el cartel de la entrada, que ahora reza \u00abEmbajada de Suiza, Secci\u00f3n de Intereses de Cuba\u00bb debido a que el pa\u00eds helv\u00e9tico ha ejercido como poder protector entre Estados Unidos y la isla desde que rompieron sus relaciones diplom\u00e1ticas, en 1961.<\/p>\n<p>La instalaci\u00f3n del m\u00e1stil frente al edificio, que pertenece al Gobierno cubano, podr\u00eda ser una se\u00f1al m\u00e1s de que el anuncio de apertura de embajadas entre Estados Unidos y Cuba est\u00e1 cerca.<\/p>\n<p>Al concluir la \u00faltima ronda de negociaci\u00f3n entre Estados Unidos y Cuba para restablecer las relaciones diplom\u00e1ticas, a finales de mayo, la jefa negociadora estadounidense, Roberta Jacobson, dijo que los temas pendientes podr\u00edan resolverse mediante los equipos diplom\u00e1ticos de ambos pa\u00edses, sin necesidad de una nueva ronda formal.<\/p>\n<p>Varios expertos han interpretado esa declaraci\u00f3n de Jacobson y la salida de Cuba de la lista de pa\u00edses patrocinadores del terrorismo que elabora cada a\u00f1o el Gobierno de Estados Unidos como se\u00f1ales claras de que la reapertura de embajadas podr\u00eda anunciarse en muy pocas semanas.<\/p>\n<p>Adem\u00e1s, la Secci\u00f3n de Intereses de Cuba logr\u00f3 regularizar el mes pasado su situaci\u00f3n bancaria en Estados Unidos al firmar un acuerdo con el banco Stonegate de Florida, despu\u00e9s de m\u00e1s de un a\u00f1o sin una entidad con la que hacer sus operaciones en el pa\u00eds norteamericano.<\/p>\n<p>Agencia.<\/p>\n","protected":false},"excerpt":{"rendered":"<p>WASHINGTON, .- La Secci\u00f3n de Intereses de Cubaen Washington instal\u00f3 hoy un m\u00e1stil para poder izar subandera en el momento en que se anuncie la apertura de\u00a0embajadas cubana y estadunidense en las respectivas capitales, dentro del proceso de normalizaci\u00f3n bilateraliniciado en diciembre pasado. Una veintena de funcionarios de la Secci\u00f3n de Intereses de Cuba, incluido [&hellip;]<\/p>\n","protected":false},"author":7,"featured_media":11840,"comment_status":"open","ping_status":"open","sticky":false,"template":"","format":"standard","meta":{"footnotes":""},"categories":[49,40],"tags":[],"class_list":["post-11839","post","type-post","status-publish","format-standard","has-post-thumbnail","hentry","category-cuba","category-internacionales"],"_links":{"self":[{"href":"https:\/\/2horizontes.com\/index.php?rest_route=\/wp\/v2\/posts\/11839","targetHints":{"allow":["GET"]}}],"collection":[{"href":"https:\/\/2horizontes.com\/index.php?rest_route=\/wp\/v2\/posts"}],"about":[{"href":"https:\/\/2horizontes.com\/index.php?rest_route=\/wp\/v2\/types\/post"}],"author":[{"embeddable":true,"href":"https:\/\/2horizontes.com\/index.php?rest_route=\/wp\/v2\/users\/7"}],"replies":[{"embeddable":true,"href":"https:\/\/2horizontes.com\/index.php?rest_route=%2Fwp%2Fv2%2Fcomments&post=11839"}],"version-history":[{"count":1,"href":"https:\/\/2horizontes.com\/index.php?rest_route=\/wp\/v2\/posts\/11839\/revisions"}],"predecessor-version":[{"id":11841,"href":"https:\/\/2horizontes.com\/index.php?rest_route=\/wp\/v2\/posts\/11839\/revisions\/11841"}],"wp:featuredmedia":[{"embeddable":true,"href":"https:\/\/2horizontes.com\/index.php?rest_route=\/wp\/v2\/media\/11840"}],"wp:attachment":[{"href":"https:\/\/2horizontes.com\/index.php?rest_route=%2Fwp%2Fv2%2Fmedia&parent=11839"}],"wp:term":[{"taxonomy":"category","embeddable":true,"href":"https:\/\/2horizontes.com\/index.php?rest_route=%2Fwp%2Fv2%2Fcategories&post=11839"},{"taxonomy":"post_tag","embeddable":true,"href":"https:\/\/2horizontes.com\/index.php?rest_route=%2Fwp%2Fv2%2Ftags&post=11839"}],"curies":[{"name":"wp","href":"https:\/\/api.w.org\/{rel}","templated":true}]}}