{"id":11836,"date":"2015-06-11T06:00:26","date_gmt":"2015-06-11T05:00:26","guid":{"rendered":"http:\/\/2horizontes.com\/?p=11836"},"modified":"2015-06-11T06:00:26","modified_gmt":"2015-06-11T05:00:26","slug":"bachelet-reivindica-la-lucha-contra-la-desigualdad","status":"publish","type":"post","link":"https:\/\/2horizontes.com\/?p=11836","title":{"rendered":"Bachelet reivindica la lucha contra la desigualdad"},"content":{"rendered":"<p>EFE \/ Par\u00eds<br \/>\nLa presidenta chilena, Michelle Bachelet, reivindic\u00f3 ayer\u00a0 en Par\u00eds las pol\u00edticas de su Gobierno para reducir las grandes desigualdades que persisten en su pa\u00eds en nombre no solo de la justicia social, sino tambi\u00e9n de la eficiencia econ\u00f3mica.<br \/>\nBachelet, que particip\u00f3 en un foro de negocios con la patronal francesa Medef, durante la que invit\u00f3 a los empresarios a invertir en Chile, \u00abun pa\u00eds confiable\u201d, estuvo a continuaci\u00f3n en la sede de la Organizaci\u00f3n para la Cooperaci\u00f3n y el Desarrollo Econ\u00f3mico (OCDE), donde aprovech\u00f3 para hacer un\u00a0 breve comentario sobre la corrupci\u00f3n.<br \/>\nLa Presidenta, que se ha visto recientemente sacudida por esc\u00e1ndalos de corrupci\u00f3n en su entorno familiar y pol\u00edtico que han obligado incluso a remodelar su Ejecutivo, destac\u00f3 que la corrupci\u00f3n da\u00f1a la econom\u00eda, incrementa el costo de los negocios, desalienta a las empresas y desincentiva la innovaci\u00f3n. Y el secretario general de la OCDE, el mexicano \u00c1ngel Gurr\u00eda, se esforz\u00f3 en echar balones fuera cuando los periodistas que acompa\u00f1an a Bachelet en su gira europea le avasallaron con preguntas sobre esa delicada cuesti\u00f3n.<br \/>\nGurr\u00eda record\u00f3 que \u00abla integridad y la transparencia son una de las \u00e1reas m\u00e1s importantes de trabajo de la OCDE\u201d y que Chile -miembro de la organizaci\u00f3n desde 2010- ha pedido que se le aporten \u00ablas mejores pr\u00e1cticas\u201d de los otros pa\u00edses, por ejemplo, para abordar cuestiones como el conflicto de intereses.<br \/>\nTambi\u00e9n insisti\u00f3 en que en la entrevista a puerta cerrada que mantuvo con ella, la jefa del Estado fue \u00abal fondo de la cultura de la transparencia, de la integridad\u201d y le hizo hincapi\u00e9 en que, para reforzarla, hay que empezar desde la educaci\u00f3n primaria.<\/p>\n","protected":false},"excerpt":{"rendered":"<p>EFE \/ Par\u00eds La presidenta chilena, Michelle Bachelet, reivindic\u00f3 ayer\u00a0 en Par\u00eds las pol\u00edticas de su Gobierno para reducir las grandes desigualdades que persisten en su pa\u00eds en nombre no solo de la justicia social, sino tambi\u00e9n de la eficiencia econ\u00f3mica. Bachelet, que particip\u00f3 en un foro de negocios con la patronal francesa Medef, durante [&hellip;]<\/p>\n","protected":false},"author":7,"featured_media":11837,"comment_status":"open","ping_status":"open","sticky":false,"template":"","format":"standard","meta":{"footnotes":""},"categories":[40,43],"tags":[],"class_list":["post-11836","post","type-post","status-publish","format-standard","has-post-thumbnail","hentry","category-internacionales","category-politica"],"_links":{"self":[{"href":"https:\/\/2horizontes.com\/index.php?rest_route=\/wp\/v2\/posts\/11836","targetHints":{"allow":["GET"]}}],"collection":[{"href":"https:\/\/2horizontes.com\/index.php?rest_route=\/wp\/v2\/posts"}],"about":[{"href":"https:\/\/2horizontes.com\/index.php?rest_route=\/wp\/v2\/types\/post"}],"author":[{"embeddable":true,"href":"https:\/\/2horizontes.com\/index.php?rest_route=\/wp\/v2\/users\/7"}],"replies":[{"embeddable":true,"href":"https:\/\/2horizontes.com\/index.php?rest_route=%2Fwp%2Fv2%2Fcomments&post=11836"}],"version-history":[{"count":1,"href":"https:\/\/2horizontes.com\/index.php?rest_route=\/wp\/v2\/posts\/11836\/revisions"}],"predecessor-version":[{"id":11838,"href":"https:\/\/2horizontes.com\/index.php?rest_route=\/wp\/v2\/posts\/11836\/revisions\/11838"}],"wp:featuredmedia":[{"embeddable":true,"href":"https:\/\/2horizontes.com\/index.php?rest_route=\/wp\/v2\/media\/11837"}],"wp:attachment":[{"href":"https:\/\/2horizontes.com\/index.php?rest_route=%2Fwp%2Fv2%2Fmedia&parent=11836"}],"wp:term":[{"taxonomy":"category","embeddable":true,"href":"https:\/\/2horizontes.com\/index.php?rest_route=%2Fwp%2Fv2%2Fcategories&post=11836"},{"taxonomy":"post_tag","embeddable":true,"href":"https:\/\/2horizontes.com\/index.php?rest_route=%2Fwp%2Fv2%2Ftags&post=11836"}],"curies":[{"name":"wp","href":"https:\/\/api.w.org\/{rel}","templated":true}]}}