{"id":11833,"date":"2015-06-11T05:57:08","date_gmt":"2015-06-11T04:57:08","guid":{"rendered":"http:\/\/2horizontes.com\/?p=11833"},"modified":"2015-06-11T05:57:08","modified_gmt":"2015-06-11T04:57:08","slug":"crisis-en-venezuela-divide-a-europeos-y-latinoamericanos","status":"publish","type":"post","link":"https:\/\/2horizontes.com\/?p=11833","title":{"rendered":"Crisis en Venezuela divide a europeos y latinoamericanos"},"content":{"rendered":"<p>AFP<\/p>\n<p>Bruselas.-\u00a0\u00a0La situaci\u00f3n pol\u00edtica en Venezuela dividi\u00f3 ayer a los pa\u00edses de la Celac y de la Uni\u00f3n Europea en la reuni\u00f3n de ministros de Relaciones Exteriores, la v\u00edspera de la cumbre birregional de este bloque de 61 pa\u00edses.<br \/>\n\u00abHemos conversado, hubo una evidente preocupaci\u00f3n\u201d de la UE como de las delegaciones de la Comunidad de Estados de Latinoam\u00e9rica y del Caribe, dijo el canciller ecuatoriano, Ricardo Pati\u00f1o, cuyo pa\u00eds preside la Celac, en conferencia de prensa junto con la jefa de la diplomacia europea, Federica Mogherini.<br \/>\n\u00abPero tambi\u00e9n hubo un espacio de solidaridad para que Venezuela salga adelante de algunos momentos de crisis que ha vivido,\u00a0 as\u00ed como para que no haya decisiones unilaterales de pa\u00edses que puedan afectar extraterritorialmente\u201d a Venezuela, agreg\u00f3.<br \/>\nLa Celac propuso un p\u00e1rrafo en la declaraci\u00f3n final, que ser\u00e1 llevada a la cumbre, de condena y rechazo a las declaraciones de Estados Unidos, que calific\u00f3 a Venezuela como una \u00abamenaza\u201d a su seguridad.<br \/>\n\u00abSon temas que hemos venido discutiendo entre las dos regiones y que seguramente se ver\u00e1n reflejados en el documento final\u201d, se\u00f1al\u00f3 Pati\u00f1o. Aunque esta posibilidad tiene escasas chances de ser aceptada por la UE que ya expres\u00f3 en varias oportunidades la \u00abpreocupaci\u00f3n\u201d por la situaci\u00f3n pol\u00edtica, as\u00ed como por los l\u00edderes de la oposici\u00f3n en detenci\u00f3n desde hace varios meses.<br \/>\nEl Parlamento Europeo aprob\u00f3 numerosas resoluciones de condena al gobierno de Nicol\u00e1s Maduro, todas impulsadas por los eurodiputados espa\u00f1oles del Partido Popular, en el poder en Espa\u00f1a. Entre los Estados miembros, Espa\u00f1a mantiene r\u00edspidas relaciones con el Gobierno venezolano. \u00abQuiz\u00e1s no podemos usar las mismas palabras, pero hay un esp\u00edritu com\u00fan para tratar estos temas\u201d, agreg\u00f3 Pati\u00f1o citando el caso de Venezuela, pero tambi\u00e9n del embargo \u00abinjusto\u201d a Cuba o de la elaboraci\u00f3n de un marco jur\u00eddico para regular los procesos de reestructuraci\u00f3n de deuda soberana, que la Celac propone que se incluyan en la declaraci\u00f3n final de la cumbre.<br \/>\n\u00abTenemos diferencias, no s\u00f3lo entre nosotros, sino tambi\u00e9n entre nuestras regiones, esto es la fuerza de las democracias y la diferencia dentro de la unidad\u201d, se\u00f1al\u00f3 por su parte la jefa de la diplomacia europea.<\/p>\n<p>Hasta ayer por la noche en Bruselas, las dos partes negociaban los t\u00e9rminos de una declaraci\u00f3n que con toda seguridad plasmar\u00e1 acuerdos en otros temas como el cambio clim\u00e1tico.<\/p>\n<p>Panorama dif\u00edcil<\/p>\n<p>Gonz\u00e1lez El exjefe de Gobierno espa\u00f1ol Felipe Gonz\u00e1lez abandon\u00f3 ayer\u00a0 Caracas al no haber recibido autorizaci\u00f3n por parte de las autoridades venezolanas para visitar en la c\u00e1rcel al dirigente opositor preso Leopoldo L\u00f3pez.<br \/>\nUnasur\u00a0 La Uni\u00f3n de Naciones Suramericanas dijo estar segura de que este a\u00f1o habr\u00e1 elecciones legislativas en Venezuela, donde la oposici\u00f3n exige al Gobierno que fije una fecha para esos comicios.<br \/>\nHuelga Dos concejales de la ciudad venezolana de San Crist\u00f3bal, que llevan desde el viernes en huelga de hambre cerca del Vaticano, aseguraron ayer\u00a0 que pretenden que el papa Francisco les reciba.<\/p>\n","protected":false},"excerpt":{"rendered":"<p>AFP Bruselas.-\u00a0\u00a0La situaci\u00f3n pol\u00edtica en Venezuela dividi\u00f3 ayer a los pa\u00edses de la Celac y de la Uni\u00f3n Europea en la reuni\u00f3n de ministros de Relaciones Exteriores, la v\u00edspera de la cumbre birregional de este bloque de 61 pa\u00edses. \u00abHemos conversado, hubo una evidente preocupaci\u00f3n\u201d de la UE como de las delegaciones de la Comunidad [&hellip;]<\/p>\n","protected":false},"author":7,"featured_media":11834,"comment_status":"open","ping_status":"open","sticky":false,"template":"","format":"standard","meta":{"footnotes":""},"categories":[40,53],"tags":[],"class_list":["post-11833","post","type-post","status-publish","format-standard","has-post-thumbnail","hentry","category-internacionales","category-provincias"],"_links":{"self":[{"href":"https:\/\/2horizontes.com\/index.php?rest_route=\/wp\/v2\/posts\/11833","targetHints":{"allow":["GET"]}}],"collection":[{"href":"https:\/\/2horizontes.com\/index.php?rest_route=\/wp\/v2\/posts"}],"about":[{"href":"https:\/\/2horizontes.com\/index.php?rest_route=\/wp\/v2\/types\/post"}],"author":[{"embeddable":true,"href":"https:\/\/2horizontes.com\/index.php?rest_route=\/wp\/v2\/users\/7"}],"replies":[{"embeddable":true,"href":"https:\/\/2horizontes.com\/index.php?rest_route=%2Fwp%2Fv2%2Fcomments&post=11833"}],"version-history":[{"count":1,"href":"https:\/\/2horizontes.com\/index.php?rest_route=\/wp\/v2\/posts\/11833\/revisions"}],"predecessor-version":[{"id":11835,"href":"https:\/\/2horizontes.com\/index.php?rest_route=\/wp\/v2\/posts\/11833\/revisions\/11835"}],"wp:featuredmedia":[{"embeddable":true,"href":"https:\/\/2horizontes.com\/index.php?rest_route=\/wp\/v2\/media\/11834"}],"wp:attachment":[{"href":"https:\/\/2horizontes.com\/index.php?rest_route=%2Fwp%2Fv2%2Fmedia&parent=11833"}],"wp:term":[{"taxonomy":"category","embeddable":true,"href":"https:\/\/2horizontes.com\/index.php?rest_route=%2Fwp%2Fv2%2Fcategories&post=11833"},{"taxonomy":"post_tag","embeddable":true,"href":"https:\/\/2horizontes.com\/index.php?rest_route=%2Fwp%2Fv2%2Ftags&post=11833"}],"curies":[{"name":"wp","href":"https:\/\/api.w.org\/{rel}","templated":true}]}}