{"id":11827,"date":"2015-06-11T05:48:47","date_gmt":"2015-06-11T04:48:47","guid":{"rendered":"http:\/\/2horizontes.com\/?p=11827"},"modified":"2015-06-11T05:48:47","modified_gmt":"2015-06-11T04:48:47","slug":"vicepresidente-de-ee-uu-retoma-su-agenda-oficial-despues-de-perder-a-su-hijo","status":"publish","type":"post","link":"https:\/\/2horizontes.com\/?p=11827","title":{"rendered":"Vicepresidente de EE.UU. retoma su agenda oficial despu\u00e9s de perder a su hijo"},"content":{"rendered":"<div id=\"ArticleAuthorDiv\" class=\"article-body-author\"><b>EFE<\/b><\/div>\n<div id=\"ArticleSourceDiv\" class=\"article-body-author\"><b>Washington<\/b><\/div>\n<div id=\"ArticleBody\">\n<p>El vicepresidente de EEUU, Joseph Biden, retomar\u00e1 hoy su agenda oficial en Washington, aunque sin actividades p\u00fablicas, tras la muerte de su hijo Beau, de 46 a\u00f1os, a causa de un tumor cerebral.<\/p>\n<p>De acuerdo con la Casa Blanca, durante la ma\u00f1ana Biden asistir\u00e1 a varias reuniones en la residencia presidencial y despu\u00e9s mantendr\u00e1 un almuerzo privado con el presidente estadounidense, Barack Obama.<\/p>\n<p>A continuaci\u00f3n, el vicepresidente sostendr\u00e1 un encuentro, tambi\u00e9n a puerta cerrada, con el primer ministro de Ucrania, Arseni Yatseniuk, y despu\u00e9s prev\u00e9 regresar a Wilmington (Delaware), donde tiene su residencia familiar.<\/p>\n<p>Biden ha pasado los \u00faltimos d\u00edas en Wilmington, donde el s\u00e1bado se celebr\u00f3 el funeral por su hijo Beau, al que asistieron Obama y algunas de las figuras pol\u00edticas m\u00e1s destacadas del pa\u00eds, entre ellas el expresidente Bill Clinton y su esposa, la exsecretaria de Estado y aspirante presidencial dem\u00f3crata Hillary Clinton.<\/p>\n<p>Beau, cuyo nombre de pila era Joseph R. Biden III, era el hijo mayor del vicepresidente y fue fiscal general del estado de Delaware durante dos mandatos. Estaba casado y ten\u00eda dos hijos.<\/p>\n<p>Su funeral marc\u00f3 la primera vez que un presidente o vicepresidente de EEUU han tenido que enterrar a un hijo mientras a\u00fan estaban en el cargo desde 1963, cuando el v\u00e1stago del entonces mandatario John F. Kennedy, Patrick, muri\u00f3 dos d\u00edas despu\u00e9s de su nacimiento prematuro.<\/p>\n<\/div>\n","protected":false},"excerpt":{"rendered":"<p>EFE Washington El vicepresidente de EEUU, Joseph Biden, retomar\u00e1 hoy su agenda oficial en Washington, aunque sin actividades p\u00fablicas, tras la muerte de su hijo Beau, de 46 a\u00f1os, a causa de un tumor cerebral. De acuerdo con la Casa Blanca, durante la ma\u00f1ana Biden asistir\u00e1 a varias reuniones en la residencia presidencial y despu\u00e9s [&hellip;]<\/p>\n","protected":false},"author":7,"featured_media":11828,"comment_status":"open","ping_status":"open","sticky":false,"template":"","format":"standard","meta":{"footnotes":""},"categories":[40,53],"tags":[],"class_list":["post-11827","post","type-post","status-publish","format-standard","has-post-thumbnail","hentry","category-internacionales","category-provincias"],"_links":{"self":[{"href":"https:\/\/2horizontes.com\/index.php?rest_route=\/wp\/v2\/posts\/11827","targetHints":{"allow":["GET"]}}],"collection":[{"href":"https:\/\/2horizontes.com\/index.php?rest_route=\/wp\/v2\/posts"}],"about":[{"href":"https:\/\/2horizontes.com\/index.php?rest_route=\/wp\/v2\/types\/post"}],"author":[{"embeddable":true,"href":"https:\/\/2horizontes.com\/index.php?rest_route=\/wp\/v2\/users\/7"}],"replies":[{"embeddable":true,"href":"https:\/\/2horizontes.com\/index.php?rest_route=%2Fwp%2Fv2%2Fcomments&post=11827"}],"version-history":[{"count":1,"href":"https:\/\/2horizontes.com\/index.php?rest_route=\/wp\/v2\/posts\/11827\/revisions"}],"predecessor-version":[{"id":11829,"href":"https:\/\/2horizontes.com\/index.php?rest_route=\/wp\/v2\/posts\/11827\/revisions\/11829"}],"wp:featuredmedia":[{"embeddable":true,"href":"https:\/\/2horizontes.com\/index.php?rest_route=\/wp\/v2\/media\/11828"}],"wp:attachment":[{"href":"https:\/\/2horizontes.com\/index.php?rest_route=%2Fwp%2Fv2%2Fmedia&parent=11827"}],"wp:term":[{"taxonomy":"category","embeddable":true,"href":"https:\/\/2horizontes.com\/index.php?rest_route=%2Fwp%2Fv2%2Fcategories&post=11827"},{"taxonomy":"post_tag","embeddable":true,"href":"https:\/\/2horizontes.com\/index.php?rest_route=%2Fwp%2Fv2%2Ftags&post=11827"}],"curies":[{"name":"wp","href":"https:\/\/api.w.org\/{rel}","templated":true}]}}