{"id":11820,"date":"2015-06-11T05:37:27","date_gmt":"2015-06-11T04:37:27","guid":{"rendered":"http:\/\/2horizontes.com\/?p=11820"},"modified":"2015-06-11T05:37:27","modified_gmt":"2015-06-11T04:37:27","slug":"concejales-venezolanos-en-huelga-en-roma-hacen-llegar-un-comunicado-al-papa","status":"publish","type":"post","link":"https:\/\/2horizontes.com\/?p=11820","title":{"rendered":"Concejales venezolanos en huelga en Roma hacen llegar un comunicado al Papa"},"content":{"rendered":"<div id=\"ArticleAuthorDiv\" class=\"article-body-author\"><b>EFE<\/b><\/div>\n<div id=\"ArticleSourceDiv\" class=\"article-body-author\"><b>Ciudad del Vaticano<\/b><\/div>\n<div id=\"ArticleBody\">\n<p>Los dos concejales venezolanos en huelga de hambre en el Vaticano, Jos\u00e9 Vicente Garc\u00eda y Mart\u00edn Paz, hicieron llegar un comunicado al papa Francisco pero no llegaron a conversar con \u00e9l.<\/p>\n<p>\u00abNosotros no hemos conversado con el papa. Nosotros pudimos hacerle llegar un comunicado a trav\u00e9s de la Secretar\u00eda de Estado\u00bb, dijo a Efe Mart\u00edn Paz.<\/p>\n<p>Tambi\u00e9n agreg\u00f3: \u00abNos dijeron que \u00e9l (el papa) estaba enterado de que nosotros est\u00e1bamos. Y por supuesto hicimos esta petici\u00f3n, la agenda era complicada, y que nos ped\u00eda que le hici\u00e9ramos llegar el comunicado\u00bb.<\/p>\n<p>Los dos opositores acudieron hoy a la audiencia general del mi\u00e9rcoles en silla de ruedas.<\/p>\n<p>Los dos concejales comenzaron su huelga de hambre el pasado viernes con la intenci\u00f3n de trasladar tres peticiones a la Santa Sede y al propio pont\u00edfice: en primer lugar, reclamaban su mediaci\u00f3n para que el Gobierno venezolano pusiera en libertad a los presos pol\u00edticos.<\/p>\n<p>Adem\u00e1s, solicitaban su intercesi\u00f3n ante organismos internacionales como Naciones Unidas, la Organizaci\u00f3n de Estados Americanos o la Corte Internacional de Derechos Humanos para que estos puedan acceder al pa\u00eds y conocer de primera mano su situaci\u00f3n.<\/p>\n<p>Finalmente, ped\u00edan ser recibidos por el papa en audiencia para que pudiera \u00abescuchar de viva voz la situaci\u00f3n de persecuci\u00f3n, represi\u00f3n y vejaci\u00f3n de las libertades en Venezuela\u00bb.<\/p>\n<p>Su protesta coincidi\u00f3 con la visita que ten\u00eda previsto realizar el presidente venezolano, Nicol\u00e1s Maduro, al Vaticano para ser recibido en audiencia privada por el papa, un viaje que el mandatario suspendi\u00f3 despu\u00e9s de que \u00abpor recomendaci\u00f3n m\u00e9dica\u00bb se le prohibiera subir a un avi\u00f3n.<\/p>\n<p>\u00abLos m\u00e9dicos me han obligado a quedarme en descanso y es lo que estoy haciendo ahora. De hecho he tenido que, por recomendaci\u00f3n m\u00e9dica, suspender el viaje a Roma\u00bb, explic\u00f3 Maduro el pasado s\u00e1bado durante una videoconferencia transmitida por la televisi\u00f3n estatal VTV.<\/p>\n<\/div>\n","protected":false},"excerpt":{"rendered":"<p>EFE Ciudad del Vaticano Los dos concejales venezolanos en huelga de hambre en el Vaticano, Jos\u00e9 Vicente Garc\u00eda y Mart\u00edn Paz, hicieron llegar un comunicado al papa Francisco pero no llegaron a conversar con \u00e9l. \u00abNosotros no hemos conversado con el papa. Nosotros pudimos hacerle llegar un comunicado a trav\u00e9s de la Secretar\u00eda de Estado\u00bb, [&hellip;]<\/p>\n","protected":false},"author":7,"featured_media":11821,"comment_status":"open","ping_status":"open","sticky":false,"template":"","format":"standard","meta":{"footnotes":""},"categories":[40,48],"tags":[],"class_list":["post-11820","post","type-post","status-publish","format-standard","has-post-thumbnail","hentry","category-internacionales","category-venezuela"],"_links":{"self":[{"href":"https:\/\/2horizontes.com\/index.php?rest_route=\/wp\/v2\/posts\/11820","targetHints":{"allow":["GET"]}}],"collection":[{"href":"https:\/\/2horizontes.com\/index.php?rest_route=\/wp\/v2\/posts"}],"about":[{"href":"https:\/\/2horizontes.com\/index.php?rest_route=\/wp\/v2\/types\/post"}],"author":[{"embeddable":true,"href":"https:\/\/2horizontes.com\/index.php?rest_route=\/wp\/v2\/users\/7"}],"replies":[{"embeddable":true,"href":"https:\/\/2horizontes.com\/index.php?rest_route=%2Fwp%2Fv2%2Fcomments&post=11820"}],"version-history":[{"count":1,"href":"https:\/\/2horizontes.com\/index.php?rest_route=\/wp\/v2\/posts\/11820\/revisions"}],"predecessor-version":[{"id":11822,"href":"https:\/\/2horizontes.com\/index.php?rest_route=\/wp\/v2\/posts\/11820\/revisions\/11822"}],"wp:featuredmedia":[{"embeddable":true,"href":"https:\/\/2horizontes.com\/index.php?rest_route=\/wp\/v2\/media\/11821"}],"wp:attachment":[{"href":"https:\/\/2horizontes.com\/index.php?rest_route=%2Fwp%2Fv2%2Fmedia&parent=11820"}],"wp:term":[{"taxonomy":"category","embeddable":true,"href":"https:\/\/2horizontes.com\/index.php?rest_route=%2Fwp%2Fv2%2Fcategories&post=11820"},{"taxonomy":"post_tag","embeddable":true,"href":"https:\/\/2horizontes.com\/index.php?rest_route=%2Fwp%2Fv2%2Ftags&post=11820"}],"curies":[{"name":"wp","href":"https:\/\/api.w.org\/{rel}","templated":true}]}}