{"id":11814,"date":"2015-06-11T01:47:54","date_gmt":"2015-06-11T00:47:54","guid":{"rendered":"http:\/\/2horizontes.com\/?p=11814"},"modified":"2015-06-11T01:47:54","modified_gmt":"2015-06-11T00:47:54","slug":"desmantelan-fabrica-de-bebidas-alcoholicas-falsificadas","status":"publish","type":"post","link":"https:\/\/2horizontes.com\/?p=11814","title":{"rendered":"Desmantelan f\u00e1brica de bebidas alcoh\u00f3licas falsificadas"},"content":{"rendered":"<p><strong>RD-Santiago.<\/strong> La Direcci\u00f3n Regional Cibao Central de la Polic\u00eda Nacional inform\u00f3 hoy el desmantelamiento de una f\u00e1brica donde se produc\u00eda bebidas alcoh\u00f3licas adulteradas en El Caimito de La Vega, donde adem\u00e1s fueron apresados tres personas.<\/p>\n<p>Los apresados son Alexander N\u00fa\u00f1ez Santos, Luis Enrique Concepci\u00f3n y Pablo Antonio Tejada Restituyo \u00a0de 28, 29 y 39 a\u00f1os de edad respectivamente, a quienes se les ocup\u00f3 ocho cajas de 24 unidades de botellas del referido l\u00edquido adulterado de diferentes marcas.<\/p>\n<p>Los individuos fueron detenidos en horas de la tarde de ayer martes, \u00a0mediante un operativo realizado por miembros del Departamento de Falsificaciones conjunto al Ministerio P\u00fablico.<\/p>\n<p>Al ser cuestionados por los investigadores, N\u00fa\u00f1ez Santos y Enrique Concepci\u00f3n \u00a0manifestaron que son empleados de la industria clandestina, la cual dijeron es propiedad de Tejada Restituyo, quien es interrogado por el caso.<\/p>\n<p>Los apresados fueron enviados ante la justicia por violar la Ley 42-01 sobre bebidas alcoh\u00f3licas, as\u00ed como la Ley 358-05 que protege a los consumidores.<\/p>\n<p>&nbsp;<\/p>\n","protected":false},"excerpt":{"rendered":"<p>RD-Santiago. La Direcci\u00f3n Regional Cibao Central de la Polic\u00eda Nacional inform\u00f3 hoy el desmantelamiento de una f\u00e1brica donde se produc\u00eda bebidas alcoh\u00f3licas adulteradas en El Caimito de La Vega, donde adem\u00e1s fueron apresados tres personas. Los apresados son Alexander N\u00fa\u00f1ez Santos, Luis Enrique Concepci\u00f3n y Pablo Antonio Tejada Restituyo \u00a0de 28, 29 y 39 a\u00f1os [&hellip;]<\/p>\n","protected":false},"author":8,"featured_media":11815,"comment_status":"open","ping_status":"open","sticky":false,"template":"","format":"standard","meta":{"footnotes":""},"categories":[53,44],"tags":[],"class_list":["post-11814","post","type-post","status-publish","format-standard","has-post-thumbnail","hentry","category-provincias","category-republica-dominicana"],"_links":{"self":[{"href":"https:\/\/2horizontes.com\/index.php?rest_route=\/wp\/v2\/posts\/11814","targetHints":{"allow":["GET"]}}],"collection":[{"href":"https:\/\/2horizontes.com\/index.php?rest_route=\/wp\/v2\/posts"}],"about":[{"href":"https:\/\/2horizontes.com\/index.php?rest_route=\/wp\/v2\/types\/post"}],"author":[{"embeddable":true,"href":"https:\/\/2horizontes.com\/index.php?rest_route=\/wp\/v2\/users\/8"}],"replies":[{"embeddable":true,"href":"https:\/\/2horizontes.com\/index.php?rest_route=%2Fwp%2Fv2%2Fcomments&post=11814"}],"version-history":[{"count":1,"href":"https:\/\/2horizontes.com\/index.php?rest_route=\/wp\/v2\/posts\/11814\/revisions"}],"predecessor-version":[{"id":11816,"href":"https:\/\/2horizontes.com\/index.php?rest_route=\/wp\/v2\/posts\/11814\/revisions\/11816"}],"wp:featuredmedia":[{"embeddable":true,"href":"https:\/\/2horizontes.com\/index.php?rest_route=\/wp\/v2\/media\/11815"}],"wp:attachment":[{"href":"https:\/\/2horizontes.com\/index.php?rest_route=%2Fwp%2Fv2%2Fmedia&parent=11814"}],"wp:term":[{"taxonomy":"category","embeddable":true,"href":"https:\/\/2horizontes.com\/index.php?rest_route=%2Fwp%2Fv2%2Fcategories&post=11814"},{"taxonomy":"post_tag","embeddable":true,"href":"https:\/\/2horizontes.com\/index.php?rest_route=%2Fwp%2Fv2%2Ftags&post=11814"}],"curies":[{"name":"wp","href":"https:\/\/api.w.org\/{rel}","templated":true}]}}