{"id":11811,"date":"2015-06-11T01:42:22","date_gmt":"2015-06-11T00:42:22","guid":{"rendered":"http:\/\/2horizontes.com\/?p=11811"},"modified":"2015-06-11T01:42:22","modified_gmt":"2015-06-11T00:42:22","slug":"someten-padre-de-menor-de-10-anos-al-que-le-quemo-las-piernas-por-robar-cartera","status":"publish","type":"post","link":"https:\/\/2horizontes.com\/?p=11811","title":{"rendered":"Someten padre de menor de 10 a\u00f1os al que le quem\u00f3 las piernas por robar cartera"},"content":{"rendered":"<p>RD-MOCA -JAMAO- Las autoridades del Ministerio P\u00fablico junto a la Polic\u00eda Nacional apresaron este mi\u00e9rcoles y en las pr\u00f3ximas horas someter\u00e1n a la justicia al padre de un ni\u00f1o de diez a\u00f1os de edad, al que este amarr\u00f3 y quem\u00f3 sus piernas, porque supuestamente le rob\u00f3 una cartera a una vecina.<\/p>\n<p>El hecho ocurri\u00f3 la noche del martes el barrio Las Colinas, del municipio de Jamao al Norte, en la provincia Espaillat.<\/p>\n<p>Arc\u00e1ngel Sandoval Felipe, de 52 a\u00f1os, \u00a0fue sometido en la tarde del mi\u00e9rcoles ante los tribunales.<\/p>\n<p>El menor presenta quemaduras de primer grado en las extremidades, que obligaron a ingresarlo al hospital doctor Toribio Bencosme, de Moca.<\/p>\n<p>Debido a la gravedad de las quemaduras, el ni\u00f1o pudiera ser trasladado a la unidad que funciona en el hospital infantil Arturo Grull\u00f3n de Santiago o al Luis Eduardo Aybar del Distrito Nacional.<\/p>\n<p>El hecho ha consternado a la comunidad las colinas de Jamao.<\/p>\n<p>&nbsp;<\/p>\n","protected":false},"excerpt":{"rendered":"<p>RD-MOCA -JAMAO- Las autoridades del Ministerio P\u00fablico junto a la Polic\u00eda Nacional apresaron este mi\u00e9rcoles y en las pr\u00f3ximas horas someter\u00e1n a la justicia al padre de un ni\u00f1o de diez a\u00f1os de edad, al que este amarr\u00f3 y quem\u00f3 sus piernas, porque supuestamente le rob\u00f3 una cartera a una vecina. El hecho ocurri\u00f3 la [&hellip;]<\/p>\n","protected":false},"author":8,"featured_media":11812,"comment_status":"open","ping_status":"open","sticky":false,"template":"","format":"standard","meta":{"footnotes":""},"categories":[53,44],"tags":[],"class_list":["post-11811","post","type-post","status-publish","format-standard","has-post-thumbnail","hentry","category-provincias","category-republica-dominicana"],"_links":{"self":[{"href":"https:\/\/2horizontes.com\/index.php?rest_route=\/wp\/v2\/posts\/11811","targetHints":{"allow":["GET"]}}],"collection":[{"href":"https:\/\/2horizontes.com\/index.php?rest_route=\/wp\/v2\/posts"}],"about":[{"href":"https:\/\/2horizontes.com\/index.php?rest_route=\/wp\/v2\/types\/post"}],"author":[{"embeddable":true,"href":"https:\/\/2horizontes.com\/index.php?rest_route=\/wp\/v2\/users\/8"}],"replies":[{"embeddable":true,"href":"https:\/\/2horizontes.com\/index.php?rest_route=%2Fwp%2Fv2%2Fcomments&post=11811"}],"version-history":[{"count":1,"href":"https:\/\/2horizontes.com\/index.php?rest_route=\/wp\/v2\/posts\/11811\/revisions"}],"predecessor-version":[{"id":11813,"href":"https:\/\/2horizontes.com\/index.php?rest_route=\/wp\/v2\/posts\/11811\/revisions\/11813"}],"wp:featuredmedia":[{"embeddable":true,"href":"https:\/\/2horizontes.com\/index.php?rest_route=\/wp\/v2\/media\/11812"}],"wp:attachment":[{"href":"https:\/\/2horizontes.com\/index.php?rest_route=%2Fwp%2Fv2%2Fmedia&parent=11811"}],"wp:term":[{"taxonomy":"category","embeddable":true,"href":"https:\/\/2horizontes.com\/index.php?rest_route=%2Fwp%2Fv2%2Fcategories&post=11811"},{"taxonomy":"post_tag","embeddable":true,"href":"https:\/\/2horizontes.com\/index.php?rest_route=%2Fwp%2Fv2%2Ftags&post=11811"}],"curies":[{"name":"wp","href":"https:\/\/api.w.org\/{rel}","templated":true}]}}