{"id":11804,"date":"2015-06-11T01:32:11","date_gmt":"2015-06-11T00:32:11","guid":{"rendered":"http:\/\/2horizontes.com\/?p=11804"},"modified":"2015-06-11T01:32:11","modified_gmt":"2015-06-11T00:32:11","slug":"uno-mas-en-la-lista-del-prd-que-renuncia-alfredo-pacheco","status":"publish","type":"post","link":"https:\/\/2horizontes.com\/?p=11804","title":{"rendered":"Uno mas en la lista del PRD que renuncia Alfredo Pacheco"},"content":{"rendered":"<p>RD- SANTO DOMINGO &#8211; El presidente del Partido Revolucionario Dominicano (PRD) en el Distrito Nacional, Alfredo Pacheco, renunci\u00f3 este mi\u00e9rcoles de esa organizaci\u00f3n pol\u00edtica, tras considerar como una aberraci\u00f3n hist\u00f3rica el acuerdo a que ese partido ha llegado con el Partido de la Liberaci\u00f3n Dominicana (PLD), para aprobar la reforma constitucional.<\/p>\n<p>\u00abUn acuerdo pol\u00edtico para permitir la repostulaci\u00f3n del actual Presidente de la Rep\u00fablica y participar con el PLD en boletas comunes, no solo es un cobarde acto de genuflexi\u00f3n, es la negaci\u00f3n total de todo lo que usted mismo ha reclamado hasta el momento\u00bb, se\u00f1al\u00f3 Pacheco en una carta dirigida al presidente del PRD, Miguel Vargas.<\/p>\n<p>Pacheco manifest\u00f3 que renuncia \u00abde ese PRD a entreguista, yo renuncio ante esta aberraci\u00f3n hist\u00f3rica cometida por ustedes y\u00a0por lo panto en las pr\u00f3ximas horas avisar\u00e9 al pa\u00eds desde d\u00f3nde vamos a seguir ejerciendo dignamente mi carrera pol\u00edtica\u00bb.<\/p>\n<p>&nbsp;<\/p>\n","protected":false},"excerpt":{"rendered":"<p>RD- SANTO DOMINGO &#8211; El presidente del Partido Revolucionario Dominicano (PRD) en el Distrito Nacional, Alfredo Pacheco, renunci\u00f3 este mi\u00e9rcoles de esa organizaci\u00f3n pol\u00edtica, tras considerar como una aberraci\u00f3n hist\u00f3rica el acuerdo a que ese partido ha llegado con el Partido de la Liberaci\u00f3n Dominicana (PLD), para aprobar la reforma constitucional. \u00abUn acuerdo pol\u00edtico para [&hellip;]<\/p>\n","protected":false},"author":8,"featured_media":11805,"comment_status":"open","ping_status":"open","sticky":false,"template":"","format":"standard","meta":{"footnotes":""},"categories":[43,44],"tags":[],"class_list":["post-11804","post","type-post","status-publish","format-standard","has-post-thumbnail","hentry","category-politica","category-republica-dominicana"],"_links":{"self":[{"href":"https:\/\/2horizontes.com\/index.php?rest_route=\/wp\/v2\/posts\/11804","targetHints":{"allow":["GET"]}}],"collection":[{"href":"https:\/\/2horizontes.com\/index.php?rest_route=\/wp\/v2\/posts"}],"about":[{"href":"https:\/\/2horizontes.com\/index.php?rest_route=\/wp\/v2\/types\/post"}],"author":[{"embeddable":true,"href":"https:\/\/2horizontes.com\/index.php?rest_route=\/wp\/v2\/users\/8"}],"replies":[{"embeddable":true,"href":"https:\/\/2horizontes.com\/index.php?rest_route=%2Fwp%2Fv2%2Fcomments&post=11804"}],"version-history":[{"count":1,"href":"https:\/\/2horizontes.com\/index.php?rest_route=\/wp\/v2\/posts\/11804\/revisions"}],"predecessor-version":[{"id":11806,"href":"https:\/\/2horizontes.com\/index.php?rest_route=\/wp\/v2\/posts\/11804\/revisions\/11806"}],"wp:featuredmedia":[{"embeddable":true,"href":"https:\/\/2horizontes.com\/index.php?rest_route=\/wp\/v2\/media\/11805"}],"wp:attachment":[{"href":"https:\/\/2horizontes.com\/index.php?rest_route=%2Fwp%2Fv2%2Fmedia&parent=11804"}],"wp:term":[{"taxonomy":"category","embeddable":true,"href":"https:\/\/2horizontes.com\/index.php?rest_route=%2Fwp%2Fv2%2Fcategories&post=11804"},{"taxonomy":"post_tag","embeddable":true,"href":"https:\/\/2horizontes.com\/index.php?rest_route=%2Fwp%2Fv2%2Ftags&post=11804"}],"curies":[{"name":"wp","href":"https:\/\/api.w.org\/{rel}","templated":true}]}}